{"id":19852,"date":"2020-01-28T11:20:39","date_gmt":"2020-01-28T09:20:39","guid":{"rendered":"https:\/\/blog.basetis.com\/article_basic\/feliz-dia-de-la-proteccion-de-datos\/"},"modified":"2024-03-12T14:41:02","modified_gmt":"2024-03-12T12:41:02","slug":"feliz-dia-de-la-proteccion-de-datos","status":"publish","type":"article_basic","link":"https:\/\/blog.basetis.com\/es\/article_basic\/feliz-dia-de-la-proteccion-de-datos\/","title":{"rendered":"Feliz D\u00eda de la Protecci\u00f3n de Datos"},"content":{"rendered":"<p dir=\"ltr\">Hoy es el <a href=\"https:\/\/www.coe.int\/en\/web\/portal\/28-january-data-protection-day\" target=\"_blank\" rel=\"noopener\">D\u00eda Europeo de la Protecci\u00f3n de Datos<\/a>. Desde Basetis queremos darle visibilidad con un peque\u00f1o recordatorio informativo de los derechos y obligaciones que contempla la normativa de protecci\u00f3n de datos.&nbsp;<br \/>\n&nbsp;<\/p>\n<h2>Tus derechos<\/h2>\n<p>Como usuario&nbsp;o usuaria, tienes los siguientes derechos de privacidad: derechos de informaci\u00f3n, acceso, rectificaci\u00f3n, supresi\u00f3n, derecho al olvido, a la limitaci\u00f3n del tratamiento, derecho de oposici\u00f3n, derecho a la portabilidad de los datos y a limitar las decisiones individuales automatizadas. Por si no son pocos, tambi\u00e9n se&nbsp;reconoce el derecho a interponer una reclamaci\u00f3n ante una autoridad de control de protecci\u00f3n de datos.&nbsp;<br \/>\n&nbsp;<\/p>\n<h2>Los deberes de qui\u00e9n gestiona datos<\/h2>\n<p dir=\"ltr\">Por otro lado, para poder tratar datos de una&nbsp;forma segura y que cumpla con las previsiones de la normativa de protecci\u00f3n de datos, las personas&nbsp;responsables y encargadas del tratamiento asumen una serie de deberes: llevar un Registro de Actividades de Tratamiento, tener una base legal que legitime el tratamiento&nbsp;e implementar un sistema de responsabilidad proactiva que ponga el foco en las medidas de seguridad adecuadas al riesgo, la evaluaci\u00f3n de impacto relativa&nbsp;a la protecci\u00f3n de datos y la privacidad desde el dise\u00f1o y por defecto.&nbsp;<\/p>\n<p>Y todo ello para <strong>garantizar <\/strong>la confidencialidad, integridad y disponibilidad de los datos.&nbsp;<br \/>\n&nbsp;<\/p>\n<h2>\u00bfNecesitas ayuda?<\/h2>\n<p>Para nosotros es una <strong>prioridad <\/strong>garantizar el cumplimiento de esta normativa en la prestaci\u00f3n de nuestros servicios y tambi\u00e9n ofrecemos servicios legales de asesoramiento y adaptaci\u00f3n en esta materia. Si todo esto te suena demasiado complicado,&nbsp;\u00a1cont\u00e1ctanos y te ayudamos!&nbsp;<br \/>\n&nbsp;<\/p>\n<h2>M\u00e1s informaci\u00f3n<\/h2>\n<ul>\n<li><a href=\"https:\/\/www.basetis.com\/servicios\/legal\/\" target=\"_blank\" rel=\"noopener\">Servicios legales de Basetis en el \u00e1mbito tecnol\u00f3gico<\/a><br \/>\n\t&nbsp;<\/li>\n<\/ul>\n<h5 class=\"rteright\">Imagen de cabecera: <a href=\"http:\/\/www.basetis.com\/servicios\/legal\/\" target=\"_blank\" rel=\"noopener\">Basetis<\/a><\/h5>\n","protected":false},"excerpt":{"rendered":"<p>Hoy es el D\u00eda Europeo de la Protecci\u00f3n de Datos. Desde Basetis queremos darle visibilidad con un peque\u00f1o recordatorio informativo de los derechos y obligaciones que contempla la normativa de protecci\u00f3n de datos.&nbsp; &nbsp; Tus derechos Como usuario&nbsp;o usuaria, tienes los siguientes derechos de privacidad: derechos de informaci\u00f3n, acceso, rectificaci\u00f3n, supresi\u00f3n, derecho al olvido, a [&hellip;]<\/p>\n","protected":false},"author":1009,"featured_media":8308,"parent":0,"menu_order":0,"comment_status":"open","ping_status":"","template":"","format":"standard","meta":{"_acf_changed":false,"inline_featured_image":false,"footnotes":""},"categories":[1561],"tags":[2252,2474,1655,1990,1813,2023],"etiquetes":[],"categorias":[],"class_list":["post-19852","article_basic","type-article_basic","status-publish","format-standard","has-post-thumbnail","hentry","category-empresa","tag-ciberseguridad","tag-cybersecurity","tag-data","tag-legal","tag-open","tag-services"],"acf":[],"yoast_head":"<!-- This site is optimized with the Yoast SEO plugin v27.3 - https:\/\/yoast.com\/product\/yoast-seo-wordpress\/ -->\n<title>Feliz D\u00eda de la Protecci\u00f3n de Datos - Basetis<\/title>\n<meta name=\"robots\" content=\"index, follow, max-snippet:-1, max-image-preview:large, max-video-preview:-1\" \/>\n<link rel=\"canonical\" href=\"https:\/\/blog.basetis.com\/es\/article_basic\/feliz-dia-de-la-proteccion-de-datos\/\" \/>\n<meta property=\"og:locale\" content=\"es_ES\" \/>\n<meta property=\"og:type\" content=\"article\" \/>\n<meta property=\"og:title\" content=\"Feliz D\u00eda de la Protecci\u00f3n de Datos - Basetis\" \/>\n<meta property=\"og:description\" content=\"Hoy es el D\u00eda Europeo de la Protecci\u00f3n de Datos. Desde Basetis queremos darle visibilidad con un peque\u00f1o recordatorio informativo de los derechos y obligaciones que contempla la normativa de protecci\u00f3n de datos.&nbsp; &nbsp; Tus derechos Como usuario&nbsp;o usuaria, tienes los siguientes derechos de privacidad: derechos de informaci\u00f3n, acceso, rectificaci\u00f3n, supresi\u00f3n, derecho al olvido, a [&hellip;]\" \/>\n<meta property=\"og:url\" content=\"https:\/\/blog.basetis.com\/es\/article_basic\/feliz-dia-de-la-proteccion-de-datos\/\" \/>\n<meta property=\"og:site_name\" content=\"Basetis\" \/>\n<meta property=\"article:modified_time\" content=\"2024-03-12T12:41:02+00:00\" \/>\n<meta property=\"og:image\" content=\"https:\/\/blog.basetis.com\/wp-content\/uploads\/2020\/01\/legal-services.png\" \/>\n\t<meta property=\"og:image:width\" content=\"1\" \/>\n\t<meta property=\"og:image:height\" content=\"1\" \/>\n\t<meta property=\"og:image:type\" content=\"image\/png\" \/>\n<meta name=\"twitter:card\" content=\"summary_large_image\" \/>\n<meta name=\"twitter:label1\" content=\"Tiempo de lectura\" \/>\n\t<meta name=\"twitter:data1\" content=\"2 minutos\" \/>\n<script type=\"application\/ld+json\" class=\"yoast-schema-graph\">{\"@context\":\"https:\\\/\\\/schema.org\",\"@graph\":[{\"@type\":\"WebPage\",\"@id\":\"https:\\\/\\\/blog.basetis.com\\\/es\\\/article_basic\\\/feliz-dia-de-la-proteccion-de-datos\\\/\",\"url\":\"https:\\\/\\\/blog.basetis.com\\\/es\\\/article_basic\\\/feliz-dia-de-la-proteccion-de-datos\\\/\",\"name\":\"Feliz D\u00eda de la Protecci\u00f3n de Datos - Basetis\",\"isPartOf\":{\"@id\":\"https:\\\/\\\/blog.basetis.com\\\/#website\"},\"primaryImageOfPage\":{\"@id\":\"https:\\\/\\\/blog.basetis.com\\\/es\\\/article_basic\\\/feliz-dia-de-la-proteccion-de-datos\\\/#primaryimage\"},\"image\":{\"@id\":\"https:\\\/\\\/blog.basetis.com\\\/es\\\/article_basic\\\/feliz-dia-de-la-proteccion-de-datos\\\/#primaryimage\"},\"thumbnailUrl\":\"https:\\\/\\\/blog.basetis.com\\\/wp-content\\\/uploads\\\/2020\\\/01\\\/legal-services.png\",\"datePublished\":\"2020-01-28T09:20:39+00:00\",\"dateModified\":\"2024-03-12T12:41:02+00:00\",\"inLanguage\":\"es\",\"potentialAction\":[{\"@type\":\"ReadAction\",\"target\":[\"https:\\\/\\\/blog.basetis.com\\\/es\\\/article_basic\\\/feliz-dia-de-la-proteccion-de-datos\\\/\"]}]},{\"@type\":\"ImageObject\",\"inLanguage\":\"es\",\"@id\":\"https:\\\/\\\/blog.basetis.com\\\/es\\\/article_basic\\\/feliz-dia-de-la-proteccion-de-datos\\\/#primaryimage\",\"url\":\"https:\\\/\\\/blog.basetis.com\\\/wp-content\\\/uploads\\\/2020\\\/01\\\/legal-services.png\",\"contentUrl\":\"https:\\\/\\\/blog.basetis.com\\\/wp-content\\\/uploads\\\/2020\\\/01\\\/legal-services.png\"},{\"@type\":\"WebSite\",\"@id\":\"https:\\\/\\\/blog.basetis.com\\\/#website\",\"url\":\"https:\\\/\\\/blog.basetis.com\\\/\",\"name\":\"Basetis\",\"description\":\"Testing\",\"publisher\":{\"@id\":\"https:\\\/\\\/blog.basetis.com\\\/#organization\"},\"potentialAction\":[{\"@type\":\"SearchAction\",\"target\":{\"@type\":\"EntryPoint\",\"urlTemplate\":\"https:\\\/\\\/blog.basetis.com\\\/?s={search_term_string}\"},\"query-input\":{\"@type\":\"PropertyValueSpecification\",\"valueRequired\":true,\"valueName\":\"search_term_string\"}}],\"inLanguage\":\"es\"},{\"@type\":\"Organization\",\"@id\":\"https:\\\/\\\/blog.basetis.com\\\/#organization\",\"name\":\"Basetis\",\"url\":\"https:\\\/\\\/blog.basetis.com\\\/\",\"logo\":{\"@type\":\"ImageObject\",\"inLanguage\":\"es\",\"@id\":\"https:\\\/\\\/blog.basetis.com\\\/#\\\/schema\\\/logo\\\/image\\\/\",\"url\":\"https:\\\/\\\/blog.basetis.com\\\/wp-content\\\/uploads\\\/2024\\\/02\\\/logo.svg\",\"contentUrl\":\"https:\\\/\\\/blog.basetis.com\\\/wp-content\\\/uploads\\\/2024\\\/02\\\/logo.svg\",\"width\":187,\"height\":29,\"caption\":\"Basetis\"},\"image\":{\"@id\":\"https:\\\/\\\/blog.basetis.com\\\/#\\\/schema\\\/logo\\\/image\\\/\"}}]}<\/script>\n<!-- \/ Yoast SEO plugin. -->","yoast_head_json":{"title":"Feliz D\u00eda de la Protecci\u00f3n de Datos - Basetis","robots":{"index":"index","follow":"follow","max-snippet":"max-snippet:-1","max-image-preview":"max-image-preview:large","max-video-preview":"max-video-preview:-1"},"canonical":"https:\/\/blog.basetis.com\/es\/article_basic\/feliz-dia-de-la-proteccion-de-datos\/","og_locale":"es_ES","og_type":"article","og_title":"Feliz D\u00eda de la Protecci\u00f3n de Datos - Basetis","og_description":"Hoy es el D\u00eda Europeo de la Protecci\u00f3n de Datos. Desde Basetis queremos darle visibilidad con un peque\u00f1o recordatorio informativo de los derechos y obligaciones que contempla la normativa de protecci\u00f3n de datos.&nbsp; &nbsp; Tus derechos Como usuario&nbsp;o usuaria, tienes los siguientes derechos de privacidad: derechos de informaci\u00f3n, acceso, rectificaci\u00f3n, supresi\u00f3n, derecho al olvido, a [&hellip;]","og_url":"https:\/\/blog.basetis.com\/es\/article_basic\/feliz-dia-de-la-proteccion-de-datos\/","og_site_name":"Basetis","article_modified_time":"2024-03-12T12:41:02+00:00","og_image":[{"url":"https:\/\/blog.basetis.com\/wp-content\/uploads\/2020\/01\/legal-services.png","width":1,"height":1,"type":"image\/png"}],"twitter_card":"summary_large_image","twitter_misc":{"Tiempo de lectura":"2 minutos"},"schema":{"@context":"https:\/\/schema.org","@graph":[{"@type":"WebPage","@id":"https:\/\/blog.basetis.com\/es\/article_basic\/feliz-dia-de-la-proteccion-de-datos\/","url":"https:\/\/blog.basetis.com\/es\/article_basic\/feliz-dia-de-la-proteccion-de-datos\/","name":"Feliz D\u00eda de la Protecci\u00f3n de Datos - Basetis","isPartOf":{"@id":"https:\/\/blog.basetis.com\/#website"},"primaryImageOfPage":{"@id":"https:\/\/blog.basetis.com\/es\/article_basic\/feliz-dia-de-la-proteccion-de-datos\/#primaryimage"},"image":{"@id":"https:\/\/blog.basetis.com\/es\/article_basic\/feliz-dia-de-la-proteccion-de-datos\/#primaryimage"},"thumbnailUrl":"https:\/\/blog.basetis.com\/wp-content\/uploads\/2020\/01\/legal-services.png","datePublished":"2020-01-28T09:20:39+00:00","dateModified":"2024-03-12T12:41:02+00:00","inLanguage":"es","potentialAction":[{"@type":"ReadAction","target":["https:\/\/blog.basetis.com\/es\/article_basic\/feliz-dia-de-la-proteccion-de-datos\/"]}]},{"@type":"ImageObject","inLanguage":"es","@id":"https:\/\/blog.basetis.com\/es\/article_basic\/feliz-dia-de-la-proteccion-de-datos\/#primaryimage","url":"https:\/\/blog.basetis.com\/wp-content\/uploads\/2020\/01\/legal-services.png","contentUrl":"https:\/\/blog.basetis.com\/wp-content\/uploads\/2020\/01\/legal-services.png"},{"@type":"WebSite","@id":"https:\/\/blog.basetis.com\/#website","url":"https:\/\/blog.basetis.com\/","name":"Basetis","description":"Testing","publisher":{"@id":"https:\/\/blog.basetis.com\/#organization"},"potentialAction":[{"@type":"SearchAction","target":{"@type":"EntryPoint","urlTemplate":"https:\/\/blog.basetis.com\/?s={search_term_string}"},"query-input":{"@type":"PropertyValueSpecification","valueRequired":true,"valueName":"search_term_string"}}],"inLanguage":"es"},{"@type":"Organization","@id":"https:\/\/blog.basetis.com\/#organization","name":"Basetis","url":"https:\/\/blog.basetis.com\/","logo":{"@type":"ImageObject","inLanguage":"es","@id":"https:\/\/blog.basetis.com\/#\/schema\/logo\/image\/","url":"https:\/\/blog.basetis.com\/wp-content\/uploads\/2024\/02\/logo.svg","contentUrl":"https:\/\/blog.basetis.com\/wp-content\/uploads\/2024\/02\/logo.svg","width":187,"height":29,"caption":"Basetis"},"image":{"@id":"https:\/\/blog.basetis.com\/#\/schema\/logo\/image\/"}}]}},"_links":{"self":[{"href":"https:\/\/blog.basetis.com\/es\/wp-json\/wp\/v2\/article_basic\/19852","targetHints":{"allow":["GET"]}}],"collection":[{"href":"https:\/\/blog.basetis.com\/es\/wp-json\/wp\/v2\/article_basic"}],"about":[{"href":"https:\/\/blog.basetis.com\/es\/wp-json\/wp\/v2\/types\/article_basic"}],"author":[{"embeddable":true,"href":"https:\/\/blog.basetis.com\/es\/wp-json\/wp\/v2\/users\/1009"}],"replies":[{"embeddable":true,"href":"https:\/\/blog.basetis.com\/es\/wp-json\/wp\/v2\/comments?post=19852"}],"version-history":[{"count":1,"href":"https:\/\/blog.basetis.com\/es\/wp-json\/wp\/v2\/article_basic\/19852\/revisions"}],"predecessor-version":[{"id":19853,"href":"https:\/\/blog.basetis.com\/es\/wp-json\/wp\/v2\/article_basic\/19852\/revisions\/19853"}],"wp:featuredmedia":[{"embeddable":true,"href":"https:\/\/blog.basetis.com\/es\/wp-json\/wp\/v2\/media\/8308"}],"wp:attachment":[{"href":"https:\/\/blog.basetis.com\/es\/wp-json\/wp\/v2\/media?parent=19852"}],"wp:term":[{"taxonomy":"category","embeddable":true,"href":"https:\/\/blog.basetis.com\/es\/wp-json\/wp\/v2\/categories?post=19852"},{"taxonomy":"post_tag","embeddable":true,"href":"https:\/\/blog.basetis.com\/es\/wp-json\/wp\/v2\/tags?post=19852"},{"taxonomy":"etiquetes","embeddable":true,"href":"https:\/\/blog.basetis.com\/es\/wp-json\/wp\/v2\/etiquetes?post=19852"},{"taxonomy":"categorias","embeddable":true,"href":"https:\/\/blog.basetis.com\/es\/wp-json\/wp\/v2\/categorias?post=19852"}],"curies":[{"name":"wp","href":"https:\/\/api.w.org\/{rel}","templated":true}]}}