{"id":22136,"date":"2022-11-25T15:56:38","date_gmt":"2022-11-25T13:56:38","guid":{"rendered":"https:\/\/blog.basetis.com\/article_basic\/la-violencia-psicologica-tambien-es-violencia\/"},"modified":"2024-03-12T15:03:11","modified_gmt":"2024-03-12T13:03:11","slug":"la-violencia-psicologica-tambien-es-violencia","status":"publish","type":"article_basic","link":"https:\/\/blog.basetis.com\/es\/article_basic\/la-violencia-psicologica-tambien-es-violencia\/","title":{"rendered":"La violencia psicol\u00f3gica tambi\u00e9n es VIOLENCIA"},"content":{"rendered":"<h2 dir=\"ltr\">La violencia psicol\u00f3gica tambi\u00e9n es VIOLENCIA<\/h2>\n<p class=\"rtejustify\">Cuando se habla de violencia de g\u00e9nero en general pensamos en atentados contra nuestro f\u00edsico, pero igual de importante son los atentados hacia nuestra psique, impactando directamente en la percepci\u00f3n que tenemos de nosotras mismas. A partir de un ataque a nuestra integridad constante y disimulado se llega a poder abusar sin l\u00edmites.&nbsp;<\/p>\n<p class=\"rtejustify\">Los micro ataques a la psique en un principio parecen inofensivos, pero si son continuos pueden llegar a hacer que perdamos la raz\u00f3n. Un ejemplo estudiado es el echar una gota de agua en la cabeza (aparentemente inofensivo) de manera continua y constante.<\/p>\n<h2 dir=\"ltr\">No somos v\u00edctimas, somos SUPERVIVIENTES<\/h2>\n<p class=\"rtejustify\">Par\u00e9monos unos minutos para pensar en si alguna vez hemos sufrido ese tipo de violencia. Y remarcar que en caso de haberlas sufrido, en ning\u00fan momento hemos de sentir verg\u00fcenza, no somos v\u00edctimas, somos supervivientes. Hacer que la superviviente sienta verg\u00fcenza es una t\u00e1ctica para que se mantenga en silencio.<\/p>\n<p class=\"rtejustify\">Tenemos claro que si nos pasa algo como un accidente de tr\u00e1fico no sentimos verg\u00fcenza de explicarlo, al contrario, estamos furiosos y as\u00ed lo demostramos. En cambio, lo m\u00e1s com\u00fan entre las supervivientes de violencia de g\u00e9nero es la verg\u00fcenza. No se suele escuchar una historia de esta \u00edndole con furia, m\u00e1s al contrario, con verg\u00fcenza, con culpabilidad. Y eso si es que se llega a explicar, porque lo m\u00e1s com\u00fan es el silencio.&nbsp;<\/p>\n<p class=\"rtejustify\">Pensemos en nuestra propia reacci\u00f3n al o\u00edr una historia de violencia, siempre tenemos juicios, como ahora<\/p>\n<ul>\n<li>Pena hacia la situaci\u00f3n que est\u00e1 viviendo<\/li>\n<li>Rechazo hacia la v\u00edctima e invalidaci\u00f3n de sus sentimientos. Sentir que la persona est\u00e1 siendo muy exagerada.<\/li>\n<li>Pensar que es muy blanda y que se deber\u00eda reivindicar.<\/li>\n<li>Pensamientos de no entender su situaci\u00f3n y por qu\u00e9 sigue ah\u00ed.<\/li>\n<\/ul>\n<p class=\"rtejustify\">En muchos casos, muchas pensamos que estamos viviendo situaciones injustas, aun as\u00ed nos pesa la culpa y la inseguridad de decirnos a nosotras mismas que somos unas \u201c<em>exageradas<\/em>\u201d por pensar que nos est\u00e1n tratando con desigualdad, pero es fruto de las creencias que la sociedad nos ha inculcado.&nbsp;<\/p>\n<p class=\"rtejustify\" dir=\"ltr\">Acabemos con esta verg\u00fcenza, este eterno silencio, apunt\u00e9monos al Movimiento #MeToo.<\/p>\n<h2 dir=\"ltr\">Cualquier persona puede ser SUPERVIVIENTE<\/h2>\n<ul>\n<li>Es com\u00fan pensar que en <strong>nuestro<\/strong> <strong>entorno <\/strong>no se puede dar esta situaci\u00f3n.&nbsp;<\/li>\n<li>Es com\u00fan pensar que por pertenecer a cierta <strong>clase social<\/strong> no se puede dar esta situaci\u00f3n.<\/li>\n<li>Es com\u00fan pensar que por tu <strong>origen \u00e9tnico<\/strong>&nbsp;no se puede dar esta situaci\u00f3n.<\/li>\n<li>Es com\u00fan pensar que por tener cierto <strong>nivel de estudios<\/strong> no se puede dar esta situaci\u00f3n.<\/li>\n<li>Es com\u00fan pensar que [<span style=\"font-size:10px\"><em>cualquier raz\u00f3n que se te ocurra<\/em><\/span>] no se puede dar esta situaci\u00f3n.<strong>&nbsp;<\/strong><\/li>\n<\/ul>\n<p class=\"rtejustify\" dir=\"ltr\">Est\u00e1 demostrado que esto es falso. No nos equivoquemos. No pensemos que no nos puede pasar. No pensemos que no le puede pasar a alguien cercano. No pensemos que no le puede suceder a nuestros hijos.&nbsp;<\/p>\n<h2 dir=\"ltr\">La violencia de g\u00e9nero se puede dar en el trabajo<\/h2>\n<p class=\"rtejustify\">Pero\u2026 nos pasa en el trabajo? Seguro que crees que no, y menos en Basetis. Pero os invito a seguir leyendo, a ver conceptos a los que hasta se le ha puesto un nombre. A ver si realmente jam\u00e1s has sido una superviviente de violencia de g\u00e9nero.<\/p>\n<p>&nbsp;<\/p>\n<h3 dir=\"ltr\">Gaslighting<\/h3>\n<p class=\"rtejustify\" dir=\"ltr\">T\u00e9rmino definido en la&nbsp;RAE como&nbsp;<\/p>\n<p class=\"rtecenter\" dir=\"ltr\"><strong>\u201cIntentar que dude de su raz\u00f3n o juicio mediante una prolongada labor de descr\u00e9dito de sus percepciones y recuerdos.\u201d<\/strong><\/p>\n<p class=\"rtejustify\" dir=\"ltr\">Es uno de los tipos de manipulaci\u00f3n m\u00e1s conocida.<\/p>\n<p class=\"rtejustify\" dir=\"ltr\">Este patr\u00f3n de abuso emocional, suele hacer dudar a la v\u00edctima de s\u00ed misma, hacerla sentir insegura y jugar en este escenario para hacerla dudar de su percepci\u00f3n e incluso de su memoria. Esto hace que&nbsp;la v\u00edctima tenga inseguridad sobre su memoria, su criterio, su salud mental. El resultado es una autoestima muy baja.<\/p>\n<p class=\"rtejustify\" dir=\"ltr\">&nbsp;<\/p>\n<h3 dir=\"ltr\">Tone Policing&nbsp;\u2642\ufe0f vs&nbsp;\u2640\ufe0f<\/h3>\n<p class=\"rtejustify\" dir=\"ltr\">El <em>Tone Policing<\/em> o Vigilancia del tono, es una de las variantes del <em>Gaslighting<\/em>. Las v\u00edctimas m\u00e1s comunes son las mujeres negras.<\/p>\n<p class=\"rtejustify\" dir=\"ltr\">Un art\u00edculo publicado en el newsletter de la Universidad Johns Hopkins, sostiene que&nbsp;<\/p>\n<p class=\"rtecenter\"><strong>\u201cLas personas con poder y privilegios a menudo usan la vigilancia del tono para evitar la discusi\u00f3n en cuesti\u00f3n y, en cambio, atacan el car\u00e1cter, la emoci\u00f3n u otros atributos de la persona que presenta el argumento en lugar del argumento en s\u00ed\u201d.&nbsp;<\/strong><\/p>\n<p class=\"rtejustify\">Y es que es dif\u00edcil no dejarte llevar por emociones cuando tenemos conversaciones importantes, que nos remueven, ya que es mucho m\u00e1s f\u00e1cil mantener la calma, cuando sabes que tienes unos privilegios natos por haber nacido un ser humano del sexo masculino y adem\u00e1s, blanco, en muchos casos. Y es por esto, que esta pr\u00e1ctica es importante tenerla en cuenta, por el hecho de que para las mujeres es dif\u00edcil dejar emociones atr\u00e1s, en un mundo de desigualdades.<\/p>\n<p class=\"rtejustify\">&nbsp;<\/p>\n<h3 class=\"rtejustify\">Mansplaining<\/h3>\n<p class=\"rtejustify\">Neologismo angl\u00f3fono aceptado por la RAE para referirse a la<\/p>\n<p class=\"rtecenter\" dir=\"ltr\"><strong>\u201cExplicaci\u00f3n dada por un var\u00f3n a una mujer en tono condescendiente, presuponiendo de forma injustificada desconocimiento de la cuesti\u00f3n por parte de esta\u201d.&nbsp;<\/strong><\/p>\n<p class=\"rtejustify\" dir=\"ltr\">Y es que \u00bfqui\u00e9n no ha sentido nunca que lo que ella est\u00e1 explicando no interesa a la mayor\u00eda de personas de sexo masculino que hay en la sala?, o \u00bfqu\u00e9 no est\u00e1 siendo escuchada?<\/p>\n<p class=\"rtejustify\">El t\u00e9rmino <em>mansplaining <\/em>conjuga las palabras inglesas <em>man <\/em>(hombre) y <em>explain <\/em>(explicar). A partir de aqu\u00ed, el <em>Cambridge Dictionary<\/em> define este t\u00e9rmino&nbsp;como el acto de explicar algo a alguien en un modo que sugiere que la otra persona es est\u00fapida; usado especialmente cuando un hombre explica a una mujer algo que ella en realidad ya entiende.<\/p>\n<p class=\"rtejustify\">Esta pr\u00e1ctica puede resultar invisible para quienes lo ejercen y hasta para las v\u00edctimas, porque no lo reconocen como un tipo de violencia, debido a que es una pr\u00e1ctica que viene desde la infancia. Esto impacta muy negativamente en la carrera profesional de las mujeres que est\u00e1n rodeadas por hombres, ya que tienen sensaci\u00f3n de estar invalidadas continuamente y resulta complicado llegar a cargos altos.<\/p>\n<p>&nbsp;<\/p>\n<h3>Manterrupting<\/h3>\n<p class=\"rtejustify\">Neologismo feminista que define la interrupci\u00f3n innecesaria de un hombre hacia una mujer cuando ella est\u00e1 hablando, normalmente sobre la creencia de que su discurso o su opini\u00f3n son menos v\u00e1lidas o importantes que las del hombre que la interrumpe. Con este acto el hombre no solo ningunea la opini\u00f3n de la mujer, sino que se adue\u00f1a de un espacio que le correspond\u00eda hasta el momento de la interrupci\u00f3n.<\/p>\n<p>La economista Sheryl Sandeberg, escribi\u00f3 en New York Times&nbsp;<\/p>\n<p class=\"rtecenter\"><strong>\u201c<\/strong><strong>Cuando una mujer se expresa en un entorno profesional, est\u00e1 en la cuerda floja. O bien apenas se la escucha, o bien se la considera muy agresiva. Cuando un hombre dice pr\u00e1cticamente lo mismo, los asistentes asienten aprobando su brillante idea\u201d.<\/strong><\/p>\n<p class=\"rtejustify\">Y eso tambi\u00e9n nos afecta a nuestra carrera profesional, a poder crecer, a poder estar seguras, a poder llegar a tener altos cargos, ya que o bien no somos escuchadas, o bien somos personas con un car\u00e1cter fuerte con las que se dice constantemente que \u201ces dif\u00edcil de hablar\u201d.<\/p>\n<p>&nbsp;<\/p>\n<h3>Bropiating<\/h3>\n<p class=\"rtejustify\">Esta palabra proviene del ingl\u00e9s y se puede traducir al espa\u00f1ol como apropiaci\u00f3n machista de ideas. Hace referencia a la situaci\u00f3n en que un hombre se apropia de una idea originalmente propuesta por una mujer y se lleva el cr\u00e9dito. Para referirse a esta pr\u00e1ctica tambi\u00e9n se utiliza el t\u00e9rmino <em>bropropriation<\/em>.<\/p>\n<p class=\"rtejustify\">Y en este contexto, volvemos a ser invisibilizadas, y es algo que pasa desde hace muchos a\u00f1os, cuando las mujeres publicaban sus trabajos bajo nombres masculinos, o bien cuando las ideas eran promovidas por ellos. Y tambi\u00e9n contin\u00faa pasando, porque son ideolog\u00edas que tenemos en nuestro inconsciente y es muy dif\u00edcil de cambiar, sobre todo para estas personas privilegiadas admitir que tienen esos privilegios y a\u00fan m\u00e1s, cuesta cambiarlo.<\/p>\n<p>&nbsp;<\/p>\n<p>Autoras:&nbsp;<a href=\"https:\/\/blog.basetis.com\/es\/users\/gloria-saona-vazquez\" target=\"_blank\" rel=\"noopener\">Gloria Saona<\/a>&nbsp;y&nbsp;<a href=\"https:\/\/blog.basetis.com\/ca\/users\/gloria-arenas-artiga\" target=\"_blank\" rel=\"noopener\">Gloria Arenas<\/a><\/p>\n<h5 class=\"rteright\" dir=\"ltr\">Foto de cap\u00e7alera de&nbsp;<a href=\"https:\/\/www.basetis.com\/\" target=\"_blank\" rel=\"noopener\">Basetis<\/a><\/h5>\n","protected":false},"excerpt":{"rendered":"<p>La violencia psicol\u00f3gica tambi\u00e9n es VIOLENCIA Cuando se habla de violencia de g\u00e9nero en general pensamos en atentados contra nuestro f\u00edsico, pero igual de importante son los atentados hacia nuestra psique, impactando directamente en la percepci\u00f3n que tenemos de nosotras mismas. A partir de un ataque a nuestra integridad constante y disimulado se llega a [&hellip;]<\/p>\n","protected":false},"author":1124,"featured_media":14432,"parent":0,"menu_order":0,"comment_status":"open","ping_status":"","template":"","format":"standard","meta":{"_acf_changed":false,"inline_featured_image":false,"footnotes":""},"categories":[1565],"tags":[2104,2882,1915,2302,2884,1637,2880,2881,1813,2883],"etiquetes":[],"categorias":[],"class_list":["post-22136","article_basic","type-article_basic","status-publish","format-standard","has-post-thumbnail","hentry","category-persones","tag-feminisme","tag-gaslighting","tag-igualtat","tag-mansplaining","tag-manterrupting","tag-medalla-blogger","tag-metoo","tag-micromasclimes","tag-open","tag-tonepolicing"],"acf":[],"yoast_head":"<!-- This site is optimized with the Yoast SEO plugin v27.3 - https:\/\/yoast.com\/product\/yoast-seo-wordpress\/ -->\n<title>La violencia psicol\u00f3gica tambi\u00e9n es VIOLENCIA - Basetis<\/title>\n<meta name=\"robots\" content=\"index, follow, max-snippet:-1, max-image-preview:large, max-video-preview:-1\" \/>\n<link rel=\"canonical\" href=\"https:\/\/blog.basetis.com\/es\/article_basic\/la-violencia-psicologica-tambien-es-violencia\/\" \/>\n<meta property=\"og:locale\" content=\"es_ES\" \/>\n<meta property=\"og:type\" content=\"article\" \/>\n<meta property=\"og:title\" content=\"La violencia psicol\u00f3gica tambi\u00e9n es VIOLENCIA - Basetis\" \/>\n<meta property=\"og:description\" content=\"La violencia psicol\u00f3gica tambi\u00e9n es VIOLENCIA Cuando se habla de violencia de g\u00e9nero en general pensamos en atentados contra nuestro f\u00edsico, pero igual de importante son los atentados hacia nuestra psique, impactando directamente en la percepci\u00f3n que tenemos de nosotras mismas. A partir de un ataque a nuestra integridad constante y disimulado se llega a [&hellip;]\" \/>\n<meta property=\"og:url\" content=\"https:\/\/blog.basetis.com\/es\/article_basic\/la-violencia-psicologica-tambien-es-violencia\/\" \/>\n<meta property=\"og:site_name\" content=\"Basetis\" \/>\n<meta property=\"article:modified_time\" content=\"2024-03-12T13:03:11+00:00\" \/>\n<meta property=\"og:image\" content=\"https:\/\/blog.basetis.com\/wp-content\/uploads\/2022\/11\/violencia-psicologica_4-cast.jpg\" \/>\n\t<meta property=\"og:image:width\" content=\"1\" \/>\n\t<meta property=\"og:image:height\" content=\"1\" \/>\n\t<meta property=\"og:image:type\" content=\"image\/jpeg\" \/>\n<meta name=\"twitter:card\" content=\"summary_large_image\" \/>\n<meta name=\"twitter:label1\" content=\"Tiempo de lectura\" \/>\n\t<meta name=\"twitter:data1\" content=\"7 minutos\" \/>\n<script type=\"application\/ld+json\" class=\"yoast-schema-graph\">{\"@context\":\"https:\\\/\\\/schema.org\",\"@graph\":[{\"@type\":\"WebPage\",\"@id\":\"https:\\\/\\\/blog.basetis.com\\\/es\\\/article_basic\\\/la-violencia-psicologica-tambien-es-violencia\\\/\",\"url\":\"https:\\\/\\\/blog.basetis.com\\\/es\\\/article_basic\\\/la-violencia-psicologica-tambien-es-violencia\\\/\",\"name\":\"La violencia psicol\u00f3gica tambi\u00e9n es VIOLENCIA - Basetis\",\"isPartOf\":{\"@id\":\"https:\\\/\\\/blog.basetis.com\\\/#website\"},\"primaryImageOfPage\":{\"@id\":\"https:\\\/\\\/blog.basetis.com\\\/es\\\/article_basic\\\/la-violencia-psicologica-tambien-es-violencia\\\/#primaryimage\"},\"image\":{\"@id\":\"https:\\\/\\\/blog.basetis.com\\\/es\\\/article_basic\\\/la-violencia-psicologica-tambien-es-violencia\\\/#primaryimage\"},\"thumbnailUrl\":\"https:\\\/\\\/blog.basetis.com\\\/wp-content\\\/uploads\\\/2022\\\/11\\\/violencia-psicologica_4-cast.jpg\",\"datePublished\":\"2022-11-25T13:56:38+00:00\",\"dateModified\":\"2024-03-12T13:03:11+00:00\",\"inLanguage\":\"es\",\"potentialAction\":[{\"@type\":\"ReadAction\",\"target\":[\"https:\\\/\\\/blog.basetis.com\\\/es\\\/article_basic\\\/la-violencia-psicologica-tambien-es-violencia\\\/\"]}]},{\"@type\":\"ImageObject\",\"inLanguage\":\"es\",\"@id\":\"https:\\\/\\\/blog.basetis.com\\\/es\\\/article_basic\\\/la-violencia-psicologica-tambien-es-violencia\\\/#primaryimage\",\"url\":\"https:\\\/\\\/blog.basetis.com\\\/wp-content\\\/uploads\\\/2022\\\/11\\\/violencia-psicologica_4-cast.jpg\",\"contentUrl\":\"https:\\\/\\\/blog.basetis.com\\\/wp-content\\\/uploads\\\/2022\\\/11\\\/violencia-psicologica_4-cast.jpg\"},{\"@type\":\"WebSite\",\"@id\":\"https:\\\/\\\/blog.basetis.com\\\/#website\",\"url\":\"https:\\\/\\\/blog.basetis.com\\\/\",\"name\":\"Basetis\",\"description\":\"Testing\",\"publisher\":{\"@id\":\"https:\\\/\\\/blog.basetis.com\\\/#organization\"},\"potentialAction\":[{\"@type\":\"SearchAction\",\"target\":{\"@type\":\"EntryPoint\",\"urlTemplate\":\"https:\\\/\\\/blog.basetis.com\\\/?s={search_term_string}\"},\"query-input\":{\"@type\":\"PropertyValueSpecification\",\"valueRequired\":true,\"valueName\":\"search_term_string\"}}],\"inLanguage\":\"es\"},{\"@type\":\"Organization\",\"@id\":\"https:\\\/\\\/blog.basetis.com\\\/#organization\",\"name\":\"Basetis\",\"url\":\"https:\\\/\\\/blog.basetis.com\\\/\",\"logo\":{\"@type\":\"ImageObject\",\"inLanguage\":\"es\",\"@id\":\"https:\\\/\\\/blog.basetis.com\\\/#\\\/schema\\\/logo\\\/image\\\/\",\"url\":\"https:\\\/\\\/blog.basetis.com\\\/wp-content\\\/uploads\\\/2024\\\/02\\\/logo.svg\",\"contentUrl\":\"https:\\\/\\\/blog.basetis.com\\\/wp-content\\\/uploads\\\/2024\\\/02\\\/logo.svg\",\"width\":187,\"height\":29,\"caption\":\"Basetis\"},\"image\":{\"@id\":\"https:\\\/\\\/blog.basetis.com\\\/#\\\/schema\\\/logo\\\/image\\\/\"}}]}<\/script>\n<!-- \/ Yoast SEO plugin. -->","yoast_head_json":{"title":"La violencia psicol\u00f3gica tambi\u00e9n es VIOLENCIA - Basetis","robots":{"index":"index","follow":"follow","max-snippet":"max-snippet:-1","max-image-preview":"max-image-preview:large","max-video-preview":"max-video-preview:-1"},"canonical":"https:\/\/blog.basetis.com\/es\/article_basic\/la-violencia-psicologica-tambien-es-violencia\/","og_locale":"es_ES","og_type":"article","og_title":"La violencia psicol\u00f3gica tambi\u00e9n es VIOLENCIA - Basetis","og_description":"La violencia psicol\u00f3gica tambi\u00e9n es VIOLENCIA Cuando se habla de violencia de g\u00e9nero en general pensamos en atentados contra nuestro f\u00edsico, pero igual de importante son los atentados hacia nuestra psique, impactando directamente en la percepci\u00f3n que tenemos de nosotras mismas. A partir de un ataque a nuestra integridad constante y disimulado se llega a [&hellip;]","og_url":"https:\/\/blog.basetis.com\/es\/article_basic\/la-violencia-psicologica-tambien-es-violencia\/","og_site_name":"Basetis","article_modified_time":"2024-03-12T13:03:11+00:00","og_image":[{"url":"https:\/\/blog.basetis.com\/wp-content\/uploads\/2022\/11\/violencia-psicologica_4-cast.jpg","width":1,"height":1,"type":"image\/jpeg"}],"twitter_card":"summary_large_image","twitter_misc":{"Tiempo de lectura":"7 minutos"},"schema":{"@context":"https:\/\/schema.org","@graph":[{"@type":"WebPage","@id":"https:\/\/blog.basetis.com\/es\/article_basic\/la-violencia-psicologica-tambien-es-violencia\/","url":"https:\/\/blog.basetis.com\/es\/article_basic\/la-violencia-psicologica-tambien-es-violencia\/","name":"La violencia psicol\u00f3gica tambi\u00e9n es VIOLENCIA - Basetis","isPartOf":{"@id":"https:\/\/blog.basetis.com\/#website"},"primaryImageOfPage":{"@id":"https:\/\/blog.basetis.com\/es\/article_basic\/la-violencia-psicologica-tambien-es-violencia\/#primaryimage"},"image":{"@id":"https:\/\/blog.basetis.com\/es\/article_basic\/la-violencia-psicologica-tambien-es-violencia\/#primaryimage"},"thumbnailUrl":"https:\/\/blog.basetis.com\/wp-content\/uploads\/2022\/11\/violencia-psicologica_4-cast.jpg","datePublished":"2022-11-25T13:56:38+00:00","dateModified":"2024-03-12T13:03:11+00:00","inLanguage":"es","potentialAction":[{"@type":"ReadAction","target":["https:\/\/blog.basetis.com\/es\/article_basic\/la-violencia-psicologica-tambien-es-violencia\/"]}]},{"@type":"ImageObject","inLanguage":"es","@id":"https:\/\/blog.basetis.com\/es\/article_basic\/la-violencia-psicologica-tambien-es-violencia\/#primaryimage","url":"https:\/\/blog.basetis.com\/wp-content\/uploads\/2022\/11\/violencia-psicologica_4-cast.jpg","contentUrl":"https:\/\/blog.basetis.com\/wp-content\/uploads\/2022\/11\/violencia-psicologica_4-cast.jpg"},{"@type":"WebSite","@id":"https:\/\/blog.basetis.com\/#website","url":"https:\/\/blog.basetis.com\/","name":"Basetis","description":"Testing","publisher":{"@id":"https:\/\/blog.basetis.com\/#organization"},"potentialAction":[{"@type":"SearchAction","target":{"@type":"EntryPoint","urlTemplate":"https:\/\/blog.basetis.com\/?s={search_term_string}"},"query-input":{"@type":"PropertyValueSpecification","valueRequired":true,"valueName":"search_term_string"}}],"inLanguage":"es"},{"@type":"Organization","@id":"https:\/\/blog.basetis.com\/#organization","name":"Basetis","url":"https:\/\/blog.basetis.com\/","logo":{"@type":"ImageObject","inLanguage":"es","@id":"https:\/\/blog.basetis.com\/#\/schema\/logo\/image\/","url":"https:\/\/blog.basetis.com\/wp-content\/uploads\/2024\/02\/logo.svg","contentUrl":"https:\/\/blog.basetis.com\/wp-content\/uploads\/2024\/02\/logo.svg","width":187,"height":29,"caption":"Basetis"},"image":{"@id":"https:\/\/blog.basetis.com\/#\/schema\/logo\/image\/"}}]}},"_links":{"self":[{"href":"https:\/\/blog.basetis.com\/es\/wp-json\/wp\/v2\/article_basic\/22136","targetHints":{"allow":["GET"]}}],"collection":[{"href":"https:\/\/blog.basetis.com\/es\/wp-json\/wp\/v2\/article_basic"}],"about":[{"href":"https:\/\/blog.basetis.com\/es\/wp-json\/wp\/v2\/types\/article_basic"}],"author":[{"embeddable":true,"href":"https:\/\/blog.basetis.com\/es\/wp-json\/wp\/v2\/users\/1124"}],"replies":[{"embeddable":true,"href":"https:\/\/blog.basetis.com\/es\/wp-json\/wp\/v2\/comments?post=22136"}],"version-history":[{"count":1,"href":"https:\/\/blog.basetis.com\/es\/wp-json\/wp\/v2\/article_basic\/22136\/revisions"}],"predecessor-version":[{"id":22137,"href":"https:\/\/blog.basetis.com\/es\/wp-json\/wp\/v2\/article_basic\/22136\/revisions\/22137"}],"wp:featuredmedia":[{"embeddable":true,"href":"https:\/\/blog.basetis.com\/es\/wp-json\/wp\/v2\/media\/14432"}],"wp:attachment":[{"href":"https:\/\/blog.basetis.com\/es\/wp-json\/wp\/v2\/media?parent=22136"}],"wp:term":[{"taxonomy":"category","embeddable":true,"href":"https:\/\/blog.basetis.com\/es\/wp-json\/wp\/v2\/categories?post=22136"},{"taxonomy":"post_tag","embeddable":true,"href":"https:\/\/blog.basetis.com\/es\/wp-json\/wp\/v2\/tags?post=22136"},{"taxonomy":"etiquetes","embeddable":true,"href":"https:\/\/blog.basetis.com\/es\/wp-json\/wp\/v2\/etiquetes?post=22136"},{"taxonomy":"categorias","embeddable":true,"href":"https:\/\/blog.basetis.com\/es\/wp-json\/wp\/v2\/categorias?post=22136"}],"curies":[{"name":"wp","href":"https:\/\/api.w.org\/{rel}","templated":true}]}}