{"id":24370,"date":"2024-05-24T11:51:09","date_gmt":"2024-05-24T09:51:09","guid":{"rendered":"https:\/\/blog.basetis.com\/?post_type=article_basic&#038;p=24370"},"modified":"2024-05-24T12:39:05","modified_gmt":"2024-05-24T10:39:05","slug":"la-2a-edicion-del-femqa-ya-esta-aqui","status":"publish","type":"article_basic","link":"https:\/\/blog.basetis.com\/es\/article_basic\/la-2a-edicion-del-femqa-ya-esta-aqui\/","title":{"rendered":"La 2a edici\u00f3n del FemQA ya est\u00e1 aqu\u00ed"},"content":{"rendered":"<p><span style=\"font-weight: 400\">El pasado lunes, 13 de mayo, inauguramos la segunda edici\u00f3n del bootcamp solidario de <a href=\"https:\/\/femqa.basetis.com\/es\"><strong>FemQA<\/strong> <\/a>en el que buscamos formar a mujeres en competencias t\u00e9cnicas para desempe\u00f1ar el rol de tester QA en el mundo desarrollo, luchando as\u00ed contra la brecha digital y brecha de g\u00e9nero en el mundo Tech.<\/span><\/p>\n<p><span style=\"font-weight: 400\"><img loading=\"lazy\" decoding=\"async\" class=\"aligncenter wp-image-24404 size-large\" src=\"https:\/\/blog.basetis.com\/wp-content\/uploads\/2024\/05\/image-1024x677.png\" alt=\"\" width=\"640\" height=\"423\" srcset=\"https:\/\/blog.basetis.com\/wp-content\/uploads\/2024\/05\/image-1024x677.png 1024w, https:\/\/blog.basetis.com\/wp-content\/uploads\/2024\/05\/image-300x198.png 300w, https:\/\/blog.basetis.com\/wp-content\/uploads\/2024\/05\/image-768x508.png 768w, https:\/\/blog.basetis.com\/wp-content\/uploads\/2024\/05\/image.png 1059w\" sizes=\"auto, (max-width: 640px) 100vw, 640px\" \/><\/span><\/p>\n<h1><span style=\"font-weight: 400\">Nuestro <strong>Bootcamp FemQA<\/strong> est\u00e1 orientado sobre todo a mujeres en situaciones de vulnerabilidad.<\/span><\/h1>\n<p><span style=\"font-weight: 400\">En esta 2a edici\u00f3n, decidimos buscar alianzas con varias entidades del Sector de Econom\u00eda Social. Por un lado, <\/span><span style=\"font-weight: 400\">queremos conseguir financiaci\u00f3n para garantizar la sostenibilidad de la iniciativa, pero tambi\u00e9n queremos mejorar nuestro programa, potenciar la salida positiva y aprender m\u00e1s sobre la reinserci\u00f3n profesional de perfiles m\u00e1s desfavorecidos.<\/span><\/p>\n<p>&nbsp;<\/p>\n<p><span style=\"font-weight: 400\">Nos surgi\u00f3 una oportunidad de colaborar con la <a href=\"https:\/\/www.surt.org\/es\/\">Fundaci\u00f3 Surt<\/a>, que trabaja dando servicios asistenciales a mujeres en situaciones de riesgo de exclusi\u00f3n social, realizando varios programas de acompa\u00f1amiento emocional y profesional, itinerarios de empoderamiento de mujer en barrios m\u00e1s desfavorecidos.<\/span><\/p>\n<p>&nbsp;<\/p>\n<p><span style=\"font-weight: 400\">Fruto de este acercamiento naci\u00f3 la 2a edici\u00f3n del nuestro Bootcamp. El <strong>FemQA<\/strong> 2, realizado entre mayo y julio, ser\u00e1 un programa colaborativo entre Basetis y SURT. Las alumnas disfrutar\u00e1n de 80\u202fh de clases de itinerario profesionalizador en temas de <strong>QA\/testing<\/strong> impartido por compa\u00f1eras y compa\u00f1eros de <strong>Basetis<\/strong> y de 80\u202fh de sesiones presenciales de acompa\u00f1amiento personalizado que aportar\u00e1 SURT. En esta parte de acompa\u00f1amiento se tratar\u00e1n temas como: capacidades transversales, estereotipos, autocuras, trabajo en equipo, \u00e1rbol de \u00e9xitos o duelo migratorio.<\/span><\/p>\n<p>&nbsp;<\/p>\n<p><span style=\"font-weight: 400\">Nos iremos coordinando con SURT, intercambiando nuestras experiencias y vivencias como formadoras.\u00a0<\/span><\/p>\n<p><img loading=\"lazy\" decoding=\"async\" class=\"aligncenter wp-image-24386 size-large\" src=\"https:\/\/blog.basetis.com\/wp-content\/uploads\/2024\/05\/femqa-1024x474.png\" alt=\"\" width=\"640\" height=\"296\" srcset=\"https:\/\/blog.basetis.com\/wp-content\/uploads\/2024\/05\/femqa-1024x474.png 1024w, https:\/\/blog.basetis.com\/wp-content\/uploads\/2024\/05\/femqa-300x139.png 300w, https:\/\/blog.basetis.com\/wp-content\/uploads\/2024\/05\/femqa-768x355.png 768w, https:\/\/blog.basetis.com\/wp-content\/uploads\/2024\/05\/femqa-1536x711.png 1536w, https:\/\/blog.basetis.com\/wp-content\/uploads\/2024\/05\/femqa.png 1820w\" sizes=\"auto, (max-width: 640px) 100vw, 640px\" \/><\/p>\n<p><span style=\"font-weight: 400\">En el acto de inauguraci\u00f3n participaron las alumnas de esta edici\u00f3n FemQA, las coordinadoras de SURT: Marta Galmany y Jimena Colavitta y las profesoras y coordinadoras del programa de Basetis.<\/span><\/p>\n<p>&nbsp;<\/p>\n<p><span style=\"font-weight: 400\">Tras una bienvenida muy bonita con una charla de inauguraci\u00f3n que dio la basetiana, Marta Clua, dimos paso a una presentaci\u00f3n de SURT y una din\u00e1mica muy divertida para conocernos.<\/span><\/p>\n<p><img loading=\"lazy\" decoding=\"async\" class=\"aligncenter wp-image-24412 size-large\" src=\"https:\/\/blog.basetis.com\/wp-content\/uploads\/2024\/05\/DSC08642-1024x683.jpg\" alt=\"\" width=\"640\" height=\"427\" srcset=\"https:\/\/blog.basetis.com\/wp-content\/uploads\/2024\/05\/DSC08642-1024x683.jpg 1024w, https:\/\/blog.basetis.com\/wp-content\/uploads\/2024\/05\/DSC08642-300x200.jpg 300w, https:\/\/blog.basetis.com\/wp-content\/uploads\/2024\/05\/DSC08642-768x512.jpg 768w, https:\/\/blog.basetis.com\/wp-content\/uploads\/2024\/05\/DSC08642-1536x1024.jpg 1536w, https:\/\/blog.basetis.com\/wp-content\/uploads\/2024\/05\/DSC08642-2048x1365.jpg 2048w\" sizes=\"auto, (max-width: 640px) 100vw, 640px\" \/><\/p>\n<p><span style=\"font-weight: 400\">Esta segunda edici\u00f3n de FemQA ser\u00e1 un reto muy bonito: contamos con un grupo de <strong>veintid\u00f3s mujeres<\/strong> que vienen de diferentes situaciones profesionales, <\/span><span style=\"font-weight: 400\">diversos contextos culturales y situaciones personales muy complejas. <\/span><span style=\"font-weight: 400\">Tenemos representantes de diferentes pa\u00edses: <strong>India, Pakist\u00e1n, Nicaragua, Uruguay, Venezuela, M\u00e9xico, Per\u00fa, Argentina, Colombia, Ucrania y Polonia<\/strong>.<\/span><\/p>\n<p>&nbsp;<\/p>\n<p><img loading=\"lazy\" decoding=\"async\" class=\"aligncenter wp-image-24395 size-large\" src=\"https:\/\/blog.basetis.com\/wp-content\/uploads\/2024\/05\/DSC08638-1024x683.jpg\" alt=\"\" width=\"640\" height=\"427\" srcset=\"https:\/\/blog.basetis.com\/wp-content\/uploads\/2024\/05\/DSC08638-1024x683.jpg 1024w, https:\/\/blog.basetis.com\/wp-content\/uploads\/2024\/05\/DSC08638-300x200.jpg 300w, https:\/\/blog.basetis.com\/wp-content\/uploads\/2024\/05\/DSC08638-768x512.jpg 768w, https:\/\/blog.basetis.com\/wp-content\/uploads\/2024\/05\/DSC08638-1536x1024.jpg 1536w, https:\/\/blog.basetis.com\/wp-content\/uploads\/2024\/05\/DSC08638-2048x1365.jpg 2048w\" sizes=\"auto, (max-width: 640px) 100vw, 640px\" \/><\/p>\n<p>&nbsp;<\/p>\n<p><span style=\"font-weight: 400\">Estamos muy emocionadas porque las mujeres del segundo bootcamp FemQA enseguida conectaron muy bien, entre ellas est\u00e1n creando v\u00ednculos y una red de apoyo y cuidado mutuo.<\/span><\/p>\n<p>&nbsp;<\/p>\n<p><span style=\"font-weight: 400\">Esta segunda edici\u00f3n ser\u00e1 diferente de la primera y estamos seguras de que aprenderemos mucho. Ya en las primeras sesiones nos emocionamos con los testimonios de las participantes. El grupo tiene much\u00edsimo potencia<\/span>l no solo profesional sino sobre todo humano.<\/p>\n<p>&nbsp;<\/p>\n<p><img loading=\"lazy\" decoding=\"async\" class=\"aligncenter wp-image-24401 size-large\" src=\"https:\/\/blog.basetis.com\/wp-content\/uploads\/2024\/05\/DSC08641-1024x683.jpg\" alt=\"\" width=\"640\" height=\"427\" srcset=\"https:\/\/blog.basetis.com\/wp-content\/uploads\/2024\/05\/DSC08641-1024x683.jpg 1024w, https:\/\/blog.basetis.com\/wp-content\/uploads\/2024\/05\/DSC08641-300x200.jpg 300w, https:\/\/blog.basetis.com\/wp-content\/uploads\/2024\/05\/DSC08641-768x512.jpg 768w, https:\/\/blog.basetis.com\/wp-content\/uploads\/2024\/05\/DSC08641-1536x1024.jpg 1536w, https:\/\/blog.basetis.com\/wp-content\/uploads\/2024\/05\/DSC08641-2048x1365.jpg 2048w\" sizes=\"auto, (max-width: 640px) 100vw, 640px\" \/><\/p>\n<p>&nbsp;<\/p>\n<p><span style=\"font-weight: 400\">Aparte del profesorado del equipo de QA, tendremos profesores y profesoras de otros Teams. Queremos invitaros a contactar con <a href=\"mailto:femqa@basetis.com\">femqa@basetis.com<\/a> por si os gustar\u00eda asistir a alguna clase como profesora o dinamizadora de la sesi\u00f3n.<\/span><\/p>\n<h1>Agradecimientos<\/h1>\n<p>Tambi\u00e9n aprovechamos para agradecer a todas personas que ayudaron con los preparativos de FemQA2 en las semanas previas al inicio de la formaci\u00f3n (Legal, Espai Polivalent, OKR de Formacions socials): <em><strong>merci a totes!\u00a0<\/strong><\/em><\/p>\n<p>&nbsp;<\/p>\n<p><span style=\"font-weight: 400\">Para haceros part\u00edcipe de esta iniciativa y acercarla a todas vosotras, hab\u00edamos pensado crear una <strong>bit\u00e1cora de FemQA2<\/strong> (una cr\u00f3nica semanal para comentar los momentos m\u00e1s emotivos de las clases) que iremos enviando por e-mail.\u00a0<\/span><\/p>\n<p>&nbsp;<\/p>\n<p><span style=\"font-weight: 400\">El programa FemQA (como tantas otras iniciativas sociales que llevamos a cabo en Basetis) nos acerca al nuestro prop\u00f3sito de transformaci\u00f3n social. Pero tambi\u00e9n va m\u00e1s all\u00e1, porque nos transforma a nosotras, rompe tab\u00fas, nos invita a la autorreflexi\u00f3n, abre nuestros horizontes.<\/span><\/p>\n<p>&nbsp;<\/p>\n<p><span style=\"font-weight: 400\">Nos sentimos muy afortunadas de poder impulsar ese programa y hacerlo aprendiendo de otras organizaciones que tambi\u00e9n trabajan para generar un cambio social.\u00a0<\/span><\/p>\n<p><img loading=\"lazy\" decoding=\"async\" class=\"aligncenter wp-image-24398 size-large\" src=\"https:\/\/blog.basetis.com\/wp-content\/uploads\/2024\/05\/DSC08634-1024x683.jpg\" alt=\"\" width=\"640\" height=\"427\" srcset=\"https:\/\/blog.basetis.com\/wp-content\/uploads\/2024\/05\/DSC08634-1024x683.jpg 1024w, https:\/\/blog.basetis.com\/wp-content\/uploads\/2024\/05\/DSC08634-300x200.jpg 300w, https:\/\/blog.basetis.com\/wp-content\/uploads\/2024\/05\/DSC08634-768x512.jpg 768w, https:\/\/blog.basetis.com\/wp-content\/uploads\/2024\/05\/DSC08634-1536x1024.jpg 1536w, https:\/\/blog.basetis.com\/wp-content\/uploads\/2024\/05\/DSC08634-2048x1365.jpg 2048w\" sizes=\"auto, (max-width: 640px) 100vw, 640px\" \/><\/p>\n<p>&nbsp;<\/p>\n","protected":false},"excerpt":{"rendered":"<p>El 13 de mayo empezamos la 2a edici\u00f3n del bootcamp FemQA Basetis en colaboraci\u00f3n con la Fundaci\u00f3 Surt. 22 mujeres valientes provenientes de diferentes partes de mundo, m\u00e1s de 10 profesores de varios teams de Basetis y un acompa\u00f1amiento de empoderamiento por parte de las coordinadoras de Fundaci\u00f3 SURT.<\/p>\n","protected":false},"author":976,"featured_media":24417,"parent":0,"menu_order":0,"comment_status":"open","ping_status":"closed","template":"","format":"standard","meta":{"_acf_changed":false,"inline_featured_image":false,"footnotes":""},"categories":[],"tags":[3184,3181,3110,3182,3096,3183,3180],"etiquetes":[],"categorias":[],"class_list":["post-24370","article_basic","type-article_basic","status-publish","format-standard","has-post-thumbnail","hentry","tag-bootcamp-solidario","tag-brecha-de-genero","tag-femqa","tag-mujeres-en-el-sector-tech","tag-pushing-social-change","tag-tech-needs-women","tag-transformacion-social"],"acf":[],"yoast_head":"<!-- This site is optimized with the Yoast SEO plugin v27.3 - https:\/\/yoast.com\/product\/yoast-seo-wordpress\/ -->\n<title>La 2a edici\u00f3n del FemQA ya est\u00e1 aqu\u00ed - Basetis<\/title>\n<meta name=\"robots\" content=\"index, follow, max-snippet:-1, max-image-preview:large, max-video-preview:-1\" \/>\n<link rel=\"canonical\" href=\"https:\/\/blog.basetis.com\/es\/article_basic\/la-2a-edicion-del-femqa-ya-esta-aqui\/\" \/>\n<meta property=\"og:locale\" content=\"es_ES\" \/>\n<meta property=\"og:type\" content=\"article\" \/>\n<meta property=\"og:title\" content=\"La 2a edici\u00f3n del FemQA ya est\u00e1 aqu\u00ed - Basetis\" \/>\n<meta property=\"og:description\" content=\"El 13 de mayo empezamos la 2a edici\u00f3n del bootcamp FemQA Basetis en colaboraci\u00f3n con la Fundaci\u00f3 Surt. 22 mujeres valientes provenientes de diferentes partes de mundo, m\u00e1s de 10 profesores de varios teams de Basetis y un acompa\u00f1amiento de empoderamiento por parte de las coordinadoras de Fundaci\u00f3 SURT.\" \/>\n<meta property=\"og:url\" content=\"https:\/\/blog.basetis.com\/es\/article_basic\/la-2a-edicion-del-femqa-ya-esta-aqui\/\" \/>\n<meta property=\"og:site_name\" content=\"Basetis\" \/>\n<meta property=\"article:modified_time\" content=\"2024-05-24T10:39:05+00:00\" \/>\n<meta property=\"og:image\" content=\"https:\/\/blog.basetis.com\/wp-content\/uploads\/2024\/05\/Image_20240513_104519.jpeg\" \/>\n\t<meta property=\"og:image:width\" content=\"2000\" \/>\n\t<meta property=\"og:image:height\" content=\"1500\" \/>\n\t<meta property=\"og:image:type\" content=\"image\/jpeg\" \/>\n<meta name=\"twitter:card\" content=\"summary_large_image\" \/>\n<meta name=\"twitter:label1\" content=\"Tiempo de lectura\" \/>\n\t<meta name=\"twitter:data1\" content=\"5 minutos\" \/>\n<script type=\"application\/ld+json\" class=\"yoast-schema-graph\">{\"@context\":\"https:\\\/\\\/schema.org\",\"@graph\":[{\"@type\":\"WebPage\",\"@id\":\"https:\\\/\\\/blog.basetis.com\\\/es\\\/article_basic\\\/la-2a-edicion-del-femqa-ya-esta-aqui\\\/\",\"url\":\"https:\\\/\\\/blog.basetis.com\\\/es\\\/article_basic\\\/la-2a-edicion-del-femqa-ya-esta-aqui\\\/\",\"name\":\"La 2a edici\u00f3n del FemQA ya est\u00e1 aqu\u00ed - Basetis\",\"isPartOf\":{\"@id\":\"https:\\\/\\\/blog.basetis.com\\\/#website\"},\"primaryImageOfPage\":{\"@id\":\"https:\\\/\\\/blog.basetis.com\\\/es\\\/article_basic\\\/la-2a-edicion-del-femqa-ya-esta-aqui\\\/#primaryimage\"},\"image\":{\"@id\":\"https:\\\/\\\/blog.basetis.com\\\/es\\\/article_basic\\\/la-2a-edicion-del-femqa-ya-esta-aqui\\\/#primaryimage\"},\"thumbnailUrl\":\"https:\\\/\\\/blog.basetis.com\\\/wp-content\\\/uploads\\\/2024\\\/05\\\/Image_20240513_104519.jpeg\",\"datePublished\":\"2024-05-24T09:51:09+00:00\",\"dateModified\":\"2024-05-24T10:39:05+00:00\",\"inLanguage\":\"es\",\"potentialAction\":[{\"@type\":\"ReadAction\",\"target\":[\"https:\\\/\\\/blog.basetis.com\\\/es\\\/article_basic\\\/la-2a-edicion-del-femqa-ya-esta-aqui\\\/\"]}]},{\"@type\":\"ImageObject\",\"inLanguage\":\"es\",\"@id\":\"https:\\\/\\\/blog.basetis.com\\\/es\\\/article_basic\\\/la-2a-edicion-del-femqa-ya-esta-aqui\\\/#primaryimage\",\"url\":\"https:\\\/\\\/blog.basetis.com\\\/wp-content\\\/uploads\\\/2024\\\/05\\\/Image_20240513_104519.jpeg\",\"contentUrl\":\"https:\\\/\\\/blog.basetis.com\\\/wp-content\\\/uploads\\\/2024\\\/05\\\/Image_20240513_104519.jpeg\",\"width\":2000,\"height\":1500},{\"@type\":\"WebSite\",\"@id\":\"https:\\\/\\\/blog.basetis.com\\\/#website\",\"url\":\"https:\\\/\\\/blog.basetis.com\\\/\",\"name\":\"Basetis\",\"description\":\"Testing\",\"publisher\":{\"@id\":\"https:\\\/\\\/blog.basetis.com\\\/#organization\"},\"potentialAction\":[{\"@type\":\"SearchAction\",\"target\":{\"@type\":\"EntryPoint\",\"urlTemplate\":\"https:\\\/\\\/blog.basetis.com\\\/?s={search_term_string}\"},\"query-input\":{\"@type\":\"PropertyValueSpecification\",\"valueRequired\":true,\"valueName\":\"search_term_string\"}}],\"inLanguage\":\"es\"},{\"@type\":\"Organization\",\"@id\":\"https:\\\/\\\/blog.basetis.com\\\/#organization\",\"name\":\"Basetis\",\"url\":\"https:\\\/\\\/blog.basetis.com\\\/\",\"logo\":{\"@type\":\"ImageObject\",\"inLanguage\":\"es\",\"@id\":\"https:\\\/\\\/blog.basetis.com\\\/#\\\/schema\\\/logo\\\/image\\\/\",\"url\":\"https:\\\/\\\/blog.basetis.com\\\/wp-content\\\/uploads\\\/2024\\\/02\\\/logo.svg\",\"contentUrl\":\"https:\\\/\\\/blog.basetis.com\\\/wp-content\\\/uploads\\\/2024\\\/02\\\/logo.svg\",\"width\":187,\"height\":29,\"caption\":\"Basetis\"},\"image\":{\"@id\":\"https:\\\/\\\/blog.basetis.com\\\/#\\\/schema\\\/logo\\\/image\\\/\"}}]}<\/script>\n<!-- \/ Yoast SEO plugin. -->","yoast_head_json":{"title":"La 2a edici\u00f3n del FemQA ya est\u00e1 aqu\u00ed - Basetis","robots":{"index":"index","follow":"follow","max-snippet":"max-snippet:-1","max-image-preview":"max-image-preview:large","max-video-preview":"max-video-preview:-1"},"canonical":"https:\/\/blog.basetis.com\/es\/article_basic\/la-2a-edicion-del-femqa-ya-esta-aqui\/","og_locale":"es_ES","og_type":"article","og_title":"La 2a edici\u00f3n del FemQA ya est\u00e1 aqu\u00ed - Basetis","og_description":"El 13 de mayo empezamos la 2a edici\u00f3n del bootcamp FemQA Basetis en colaboraci\u00f3n con la Fundaci\u00f3 Surt. 22 mujeres valientes provenientes de diferentes partes de mundo, m\u00e1s de 10 profesores de varios teams de Basetis y un acompa\u00f1amiento de empoderamiento por parte de las coordinadoras de Fundaci\u00f3 SURT.","og_url":"https:\/\/blog.basetis.com\/es\/article_basic\/la-2a-edicion-del-femqa-ya-esta-aqui\/","og_site_name":"Basetis","article_modified_time":"2024-05-24T10:39:05+00:00","og_image":[{"width":2000,"height":1500,"url":"https:\/\/blog.basetis.com\/wp-content\/uploads\/2024\/05\/Image_20240513_104519.jpeg","type":"image\/jpeg"}],"twitter_card":"summary_large_image","twitter_misc":{"Tiempo de lectura":"5 minutos"},"schema":{"@context":"https:\/\/schema.org","@graph":[{"@type":"WebPage","@id":"https:\/\/blog.basetis.com\/es\/article_basic\/la-2a-edicion-del-femqa-ya-esta-aqui\/","url":"https:\/\/blog.basetis.com\/es\/article_basic\/la-2a-edicion-del-femqa-ya-esta-aqui\/","name":"La 2a edici\u00f3n del FemQA ya est\u00e1 aqu\u00ed - Basetis","isPartOf":{"@id":"https:\/\/blog.basetis.com\/#website"},"primaryImageOfPage":{"@id":"https:\/\/blog.basetis.com\/es\/article_basic\/la-2a-edicion-del-femqa-ya-esta-aqui\/#primaryimage"},"image":{"@id":"https:\/\/blog.basetis.com\/es\/article_basic\/la-2a-edicion-del-femqa-ya-esta-aqui\/#primaryimage"},"thumbnailUrl":"https:\/\/blog.basetis.com\/wp-content\/uploads\/2024\/05\/Image_20240513_104519.jpeg","datePublished":"2024-05-24T09:51:09+00:00","dateModified":"2024-05-24T10:39:05+00:00","inLanguage":"es","potentialAction":[{"@type":"ReadAction","target":["https:\/\/blog.basetis.com\/es\/article_basic\/la-2a-edicion-del-femqa-ya-esta-aqui\/"]}]},{"@type":"ImageObject","inLanguage":"es","@id":"https:\/\/blog.basetis.com\/es\/article_basic\/la-2a-edicion-del-femqa-ya-esta-aqui\/#primaryimage","url":"https:\/\/blog.basetis.com\/wp-content\/uploads\/2024\/05\/Image_20240513_104519.jpeg","contentUrl":"https:\/\/blog.basetis.com\/wp-content\/uploads\/2024\/05\/Image_20240513_104519.jpeg","width":2000,"height":1500},{"@type":"WebSite","@id":"https:\/\/blog.basetis.com\/#website","url":"https:\/\/blog.basetis.com\/","name":"Basetis","description":"Testing","publisher":{"@id":"https:\/\/blog.basetis.com\/#organization"},"potentialAction":[{"@type":"SearchAction","target":{"@type":"EntryPoint","urlTemplate":"https:\/\/blog.basetis.com\/?s={search_term_string}"},"query-input":{"@type":"PropertyValueSpecification","valueRequired":true,"valueName":"search_term_string"}}],"inLanguage":"es"},{"@type":"Organization","@id":"https:\/\/blog.basetis.com\/#organization","name":"Basetis","url":"https:\/\/blog.basetis.com\/","logo":{"@type":"ImageObject","inLanguage":"es","@id":"https:\/\/blog.basetis.com\/#\/schema\/logo\/image\/","url":"https:\/\/blog.basetis.com\/wp-content\/uploads\/2024\/02\/logo.svg","contentUrl":"https:\/\/blog.basetis.com\/wp-content\/uploads\/2024\/02\/logo.svg","width":187,"height":29,"caption":"Basetis"},"image":{"@id":"https:\/\/blog.basetis.com\/#\/schema\/logo\/image\/"}}]}},"_links":{"self":[{"href":"https:\/\/blog.basetis.com\/es\/wp-json\/wp\/v2\/article_basic\/24370","targetHints":{"allow":["GET"]}}],"collection":[{"href":"https:\/\/blog.basetis.com\/es\/wp-json\/wp\/v2\/article_basic"}],"about":[{"href":"https:\/\/blog.basetis.com\/es\/wp-json\/wp\/v2\/types\/article_basic"}],"author":[{"embeddable":true,"href":"https:\/\/blog.basetis.com\/es\/wp-json\/wp\/v2\/users\/976"}],"replies":[{"embeddable":true,"href":"https:\/\/blog.basetis.com\/es\/wp-json\/wp\/v2\/comments?post=24370"}],"version-history":[{"count":12,"href":"https:\/\/blog.basetis.com\/es\/wp-json\/wp\/v2\/article_basic\/24370\/revisions"}],"predecessor-version":[{"id":24429,"href":"https:\/\/blog.basetis.com\/es\/wp-json\/wp\/v2\/article_basic\/24370\/revisions\/24429"}],"wp:featuredmedia":[{"embeddable":true,"href":"https:\/\/blog.basetis.com\/es\/wp-json\/wp\/v2\/media\/24417"}],"wp:attachment":[{"href":"https:\/\/blog.basetis.com\/es\/wp-json\/wp\/v2\/media?parent=24370"}],"wp:term":[{"taxonomy":"category","embeddable":true,"href":"https:\/\/blog.basetis.com\/es\/wp-json\/wp\/v2\/categories?post=24370"},{"taxonomy":"post_tag","embeddable":true,"href":"https:\/\/blog.basetis.com\/es\/wp-json\/wp\/v2\/tags?post=24370"},{"taxonomy":"etiquetes","embeddable":true,"href":"https:\/\/blog.basetis.com\/es\/wp-json\/wp\/v2\/etiquetes?post=24370"},{"taxonomy":"categorias","embeddable":true,"href":"https:\/\/blog.basetis.com\/es\/wp-json\/wp\/v2\/categorias?post=24370"}],"curies":[{"name":"wp","href":"https:\/\/api.w.org\/{rel}","templated":true}]}}