{"id":27837,"date":"2024-12-10T18:57:55","date_gmt":"2024-12-10T16:57:55","guid":{"rendered":"https:\/\/blog.basetis.com\/?post_type=article_basic&#038;p=27837"},"modified":"2024-12-23T16:14:50","modified_gmt":"2024-12-23T14:14:50","slug":"recapte-fundacio-sonar-despierto-2024","status":"publish","type":"article_basic","link":"https:\/\/blog.basetis.com\/es\/article_basic\/recapte-fundacio-sonar-despierto-2024\/","title":{"rendered":"Recaudaci\u00f3n para la Fundaci\u00f3n So\u00f1ar Despierto 2024"},"content":{"rendered":"<p>Un a\u00f1o m\u00e1s, desde Basetis hemos participado en la campa\u00f1a <strong>Se buscan Reyes Magos <\/strong>de la <a href=\"http:\/\/Regals%20de%20Basetis%20de%20la%20campanya%20de%20reis%20de%20la%20Fundaci%C3%B3n%20So%C3%B1ar%20Despierto\">Fundaci\u00f3n So\u00f1ar Despierto<\/a><strong>.<\/strong><\/p>\n<p>&nbsp;<\/p>\n<p>La fundaci\u00f3n colabora con ni\u00f1os y ni\u00f1as de entre 1 y 13 a\u00f1os en riesgo de exclusi\u00f3n social. Sus cartas a los Reyes Magos con los regalos que les hacen m\u00e1s ilusi\u00f3n son asignadas a personas voluntarias. Desde Basetis, ya hace a\u00f1os que participamos motivando a muchas personas, las cuales se encargan de convertir estos sue\u00f1os en realidad.<\/p>\n<p>&nbsp;<\/p>\n<p>Estamos contentos de anunciar que este a\u00f1o hemos cumplido los deseos de <strong><span style=\"color: #9839ff;\">69 cartas!!<\/span><\/strong><\/p>\n<p>&nbsp;<\/p>\n<h3>Muchas gracias a todas las personas que han participado y han hecho posible estos sue\u00f1os! Hasta 2025!<\/h3>\n<p>&nbsp;<\/p>\n<h2 style=\"text-align: center;\">GRACIAS !!!!!<\/h2>\n","protected":false},"excerpt":{"rendered":"<p>Un a\u00f1o m\u00e1s, desde Basetis hemos participado en la campa\u00f1a Se buscan Reyes Magos de la Fundaci\u00f3n So\u00f1ar Despierto. &nbsp; La fundaci\u00f3n colabora con ni\u00f1os y ni\u00f1as de entre 1 y 13 a\u00f1os en riesgo de exclusi\u00f3n social. Sus cartas a los Reyes Magos con los regalos que les hacen m\u00e1s ilusi\u00f3n son asignadas a [&hellip;]<\/p>\n","protected":false},"author":1671,"featured_media":27658,"parent":0,"menu_order":0,"comment_status":"open","ping_status":"closed","template":"","format":"standard","meta":{"_acf_changed":false,"inline_featured_image":false,"footnotes":""},"categories":[3316],"tags":[3317],"etiquetes":[],"categorias":[],"class_list":["post-27837","article_basic","type-article_basic","status-publish","format-standard","has-post-thumbnail","hentry","category-empresa-es","tag-social-es"],"acf":[],"yoast_head":"<!-- This site is optimized with the Yoast SEO plugin v27.3 - https:\/\/yoast.com\/product\/yoast-seo-wordpress\/ -->\n<title>Recaudaci\u00f3n para la Fundaci\u00f3n So\u00f1ar Despierto 2024 - Basetis<\/title>\n<meta name=\"robots\" content=\"index, follow, max-snippet:-1, max-image-preview:large, max-video-preview:-1\" \/>\n<link rel=\"canonical\" href=\"https:\/\/blog.basetis.com\/es\/article_basic\/recapte-fundacio-sonar-despierto-2024\/\" \/>\n<meta property=\"og:locale\" content=\"es_ES\" \/>\n<meta property=\"og:type\" content=\"article\" \/>\n<meta property=\"og:title\" content=\"Recaudaci\u00f3n para la Fundaci\u00f3n So\u00f1ar Despierto 2024 - Basetis\" \/>\n<meta property=\"og:description\" content=\"Un a\u00f1o m\u00e1s, desde Basetis hemos participado en la campa\u00f1a Se buscan Reyes Magos de la Fundaci\u00f3n So\u00f1ar Despierto. &nbsp; La fundaci\u00f3n colabora con ni\u00f1os y ni\u00f1as de entre 1 y 13 a\u00f1os en riesgo de exclusi\u00f3n social. Sus cartas a los Reyes Magos con los regalos que les hacen m\u00e1s ilusi\u00f3n son asignadas a [&hellip;]\" \/>\n<meta property=\"og:url\" content=\"https:\/\/blog.basetis.com\/es\/article_basic\/recapte-fundacio-sonar-despierto-2024\/\" \/>\n<meta property=\"og:site_name\" content=\"Basetis\" \/>\n<meta property=\"article:modified_time\" content=\"2024-12-23T14:14:50+00:00\" \/>\n<meta property=\"og:image\" content=\"https:\/\/blog.basetis.com\/wp-content\/uploads\/2024\/12\/regals-campanya-reis-2024.jpg\" \/>\n\t<meta property=\"og:image:width\" content=\"2000\" \/>\n\t<meta property=\"og:image:height\" content=\"619\" \/>\n\t<meta property=\"og:image:type\" content=\"image\/jpeg\" \/>\n<meta name=\"twitter:card\" content=\"summary_large_image\" \/>\n<meta name=\"twitter:label1\" content=\"Tiempo de lectura\" \/>\n\t<meta name=\"twitter:data1\" content=\"1 minuto\" \/>\n<script type=\"application\/ld+json\" class=\"yoast-schema-graph\">{\"@context\":\"https:\\\/\\\/schema.org\",\"@graph\":[{\"@type\":\"WebPage\",\"@id\":\"https:\\\/\\\/blog.basetis.com\\\/es\\\/article_basic\\\/recapte-fundacio-sonar-despierto-2024\\\/\",\"url\":\"https:\\\/\\\/blog.basetis.com\\\/es\\\/article_basic\\\/recapte-fundacio-sonar-despierto-2024\\\/\",\"name\":\"Recaudaci\u00f3n para la Fundaci\u00f3n So\u00f1ar Despierto 2024 - Basetis\",\"isPartOf\":{\"@id\":\"https:\\\/\\\/blog.basetis.com\\\/#website\"},\"primaryImageOfPage\":{\"@id\":\"https:\\\/\\\/blog.basetis.com\\\/es\\\/article_basic\\\/recapte-fundacio-sonar-despierto-2024\\\/#primaryimage\"},\"image\":{\"@id\":\"https:\\\/\\\/blog.basetis.com\\\/es\\\/article_basic\\\/recapte-fundacio-sonar-despierto-2024\\\/#primaryimage\"},\"thumbnailUrl\":\"https:\\\/\\\/blog.basetis.com\\\/wp-content\\\/uploads\\\/2024\\\/12\\\/regals-campanya-reis-2024.jpg\",\"datePublished\":\"2024-12-10T16:57:55+00:00\",\"dateModified\":\"2024-12-23T14:14:50+00:00\",\"inLanguage\":\"es\",\"potentialAction\":[{\"@type\":\"ReadAction\",\"target\":[\"https:\\\/\\\/blog.basetis.com\\\/es\\\/article_basic\\\/recapte-fundacio-sonar-despierto-2024\\\/\"]}]},{\"@type\":\"ImageObject\",\"inLanguage\":\"es\",\"@id\":\"https:\\\/\\\/blog.basetis.com\\\/es\\\/article_basic\\\/recapte-fundacio-sonar-despierto-2024\\\/#primaryimage\",\"url\":\"https:\\\/\\\/blog.basetis.com\\\/wp-content\\\/uploads\\\/2024\\\/12\\\/regals-campanya-reis-2024.jpg\",\"contentUrl\":\"https:\\\/\\\/blog.basetis.com\\\/wp-content\\\/uploads\\\/2024\\\/12\\\/regals-campanya-reis-2024.jpg\",\"width\":2000,\"height\":619,\"caption\":\"Regals de Basetis de la campanya de reis de la Fundaci\u00f3n So\u00f1ar Despierto\"},{\"@type\":\"WebSite\",\"@id\":\"https:\\\/\\\/blog.basetis.com\\\/#website\",\"url\":\"https:\\\/\\\/blog.basetis.com\\\/\",\"name\":\"Basetis\",\"description\":\"Testing\",\"publisher\":{\"@id\":\"https:\\\/\\\/blog.basetis.com\\\/#organization\"},\"potentialAction\":[{\"@type\":\"SearchAction\",\"target\":{\"@type\":\"EntryPoint\",\"urlTemplate\":\"https:\\\/\\\/blog.basetis.com\\\/?s={search_term_string}\"},\"query-input\":{\"@type\":\"PropertyValueSpecification\",\"valueRequired\":true,\"valueName\":\"search_term_string\"}}],\"inLanguage\":\"es\"},{\"@type\":\"Organization\",\"@id\":\"https:\\\/\\\/blog.basetis.com\\\/#organization\",\"name\":\"Basetis\",\"url\":\"https:\\\/\\\/blog.basetis.com\\\/\",\"logo\":{\"@type\":\"ImageObject\",\"inLanguage\":\"es\",\"@id\":\"https:\\\/\\\/blog.basetis.com\\\/#\\\/schema\\\/logo\\\/image\\\/\",\"url\":\"https:\\\/\\\/blog.basetis.com\\\/wp-content\\\/uploads\\\/2024\\\/02\\\/logo.svg\",\"contentUrl\":\"https:\\\/\\\/blog.basetis.com\\\/wp-content\\\/uploads\\\/2024\\\/02\\\/logo.svg\",\"width\":187,\"height\":29,\"caption\":\"Basetis\"},\"image\":{\"@id\":\"https:\\\/\\\/blog.basetis.com\\\/#\\\/schema\\\/logo\\\/image\\\/\"}}]}<\/script>\n<!-- \/ Yoast SEO plugin. -->","yoast_head_json":{"title":"Recaudaci\u00f3n para la Fundaci\u00f3n So\u00f1ar Despierto 2024 - Basetis","robots":{"index":"index","follow":"follow","max-snippet":"max-snippet:-1","max-image-preview":"max-image-preview:large","max-video-preview":"max-video-preview:-1"},"canonical":"https:\/\/blog.basetis.com\/es\/article_basic\/recapte-fundacio-sonar-despierto-2024\/","og_locale":"es_ES","og_type":"article","og_title":"Recaudaci\u00f3n para la Fundaci\u00f3n So\u00f1ar Despierto 2024 - Basetis","og_description":"Un a\u00f1o m\u00e1s, desde Basetis hemos participado en la campa\u00f1a Se buscan Reyes Magos de la Fundaci\u00f3n So\u00f1ar Despierto. &nbsp; La fundaci\u00f3n colabora con ni\u00f1os y ni\u00f1as de entre 1 y 13 a\u00f1os en riesgo de exclusi\u00f3n social. Sus cartas a los Reyes Magos con los regalos que les hacen m\u00e1s ilusi\u00f3n son asignadas a [&hellip;]","og_url":"https:\/\/blog.basetis.com\/es\/article_basic\/recapte-fundacio-sonar-despierto-2024\/","og_site_name":"Basetis","article_modified_time":"2024-12-23T14:14:50+00:00","og_image":[{"width":2000,"height":619,"url":"https:\/\/blog.basetis.com\/wp-content\/uploads\/2024\/12\/regals-campanya-reis-2024.jpg","type":"image\/jpeg"}],"twitter_card":"summary_large_image","twitter_misc":{"Tiempo de lectura":"1 minuto"},"schema":{"@context":"https:\/\/schema.org","@graph":[{"@type":"WebPage","@id":"https:\/\/blog.basetis.com\/es\/article_basic\/recapte-fundacio-sonar-despierto-2024\/","url":"https:\/\/blog.basetis.com\/es\/article_basic\/recapte-fundacio-sonar-despierto-2024\/","name":"Recaudaci\u00f3n para la Fundaci\u00f3n So\u00f1ar Despierto 2024 - Basetis","isPartOf":{"@id":"https:\/\/blog.basetis.com\/#website"},"primaryImageOfPage":{"@id":"https:\/\/blog.basetis.com\/es\/article_basic\/recapte-fundacio-sonar-despierto-2024\/#primaryimage"},"image":{"@id":"https:\/\/blog.basetis.com\/es\/article_basic\/recapte-fundacio-sonar-despierto-2024\/#primaryimage"},"thumbnailUrl":"https:\/\/blog.basetis.com\/wp-content\/uploads\/2024\/12\/regals-campanya-reis-2024.jpg","datePublished":"2024-12-10T16:57:55+00:00","dateModified":"2024-12-23T14:14:50+00:00","inLanguage":"es","potentialAction":[{"@type":"ReadAction","target":["https:\/\/blog.basetis.com\/es\/article_basic\/recapte-fundacio-sonar-despierto-2024\/"]}]},{"@type":"ImageObject","inLanguage":"es","@id":"https:\/\/blog.basetis.com\/es\/article_basic\/recapte-fundacio-sonar-despierto-2024\/#primaryimage","url":"https:\/\/blog.basetis.com\/wp-content\/uploads\/2024\/12\/regals-campanya-reis-2024.jpg","contentUrl":"https:\/\/blog.basetis.com\/wp-content\/uploads\/2024\/12\/regals-campanya-reis-2024.jpg","width":2000,"height":619,"caption":"Regals de Basetis de la campanya de reis de la Fundaci\u00f3n So\u00f1ar Despierto"},{"@type":"WebSite","@id":"https:\/\/blog.basetis.com\/#website","url":"https:\/\/blog.basetis.com\/","name":"Basetis","description":"Testing","publisher":{"@id":"https:\/\/blog.basetis.com\/#organization"},"potentialAction":[{"@type":"SearchAction","target":{"@type":"EntryPoint","urlTemplate":"https:\/\/blog.basetis.com\/?s={search_term_string}"},"query-input":{"@type":"PropertyValueSpecification","valueRequired":true,"valueName":"search_term_string"}}],"inLanguage":"es"},{"@type":"Organization","@id":"https:\/\/blog.basetis.com\/#organization","name":"Basetis","url":"https:\/\/blog.basetis.com\/","logo":{"@type":"ImageObject","inLanguage":"es","@id":"https:\/\/blog.basetis.com\/#\/schema\/logo\/image\/","url":"https:\/\/blog.basetis.com\/wp-content\/uploads\/2024\/02\/logo.svg","contentUrl":"https:\/\/blog.basetis.com\/wp-content\/uploads\/2024\/02\/logo.svg","width":187,"height":29,"caption":"Basetis"},"image":{"@id":"https:\/\/blog.basetis.com\/#\/schema\/logo\/image\/"}}]}},"_links":{"self":[{"href":"https:\/\/blog.basetis.com\/es\/wp-json\/wp\/v2\/article_basic\/27837","targetHints":{"allow":["GET"]}}],"collection":[{"href":"https:\/\/blog.basetis.com\/es\/wp-json\/wp\/v2\/article_basic"}],"about":[{"href":"https:\/\/blog.basetis.com\/es\/wp-json\/wp\/v2\/types\/article_basic"}],"author":[{"embeddable":true,"href":"https:\/\/blog.basetis.com\/es\/wp-json\/wp\/v2\/users\/1671"}],"replies":[{"embeddable":true,"href":"https:\/\/blog.basetis.com\/es\/wp-json\/wp\/v2\/comments?post=27837"}],"version-history":[{"count":1,"href":"https:\/\/blog.basetis.com\/es\/wp-json\/wp\/v2\/article_basic\/27837\/revisions"}],"predecessor-version":[{"id":27838,"href":"https:\/\/blog.basetis.com\/es\/wp-json\/wp\/v2\/article_basic\/27837\/revisions\/27838"}],"wp:featuredmedia":[{"embeddable":true,"href":"https:\/\/blog.basetis.com\/es\/wp-json\/wp\/v2\/media\/27658"}],"wp:attachment":[{"href":"https:\/\/blog.basetis.com\/es\/wp-json\/wp\/v2\/media?parent=27837"}],"wp:term":[{"taxonomy":"category","embeddable":true,"href":"https:\/\/blog.basetis.com\/es\/wp-json\/wp\/v2\/categories?post=27837"},{"taxonomy":"post_tag","embeddable":true,"href":"https:\/\/blog.basetis.com\/es\/wp-json\/wp\/v2\/tags?post=27837"},{"taxonomy":"etiquetes","embeddable":true,"href":"https:\/\/blog.basetis.com\/es\/wp-json\/wp\/v2\/etiquetes?post=27837"},{"taxonomy":"categorias","embeddable":true,"href":"https:\/\/blog.basetis.com\/es\/wp-json\/wp\/v2\/categorias?post=27837"}],"curies":[{"name":"wp","href":"https:\/\/api.w.org\/{rel}","templated":true}]}}