{"id":31568,"date":"2025-10-03T13:12:50","date_gmt":"2025-10-03T11:12:50","guid":{"rendered":"https:\/\/blog.basetis.com\/?post_type=article_basic&#038;p=31568"},"modified":"2025-11-12T12:07:42","modified_gmt":"2025-11-12T10:07:42","slug":"femqa-premi-donatic-2025","status":"publish","type":"article_basic","link":"https:\/\/blog.basetis.com\/es\/article_basic\/femqa-premi-donatic-2025\/","title":{"rendered":"\u00a1Hemos ganado el premio DonaTIC 2025!"},"content":{"rendered":"<p>Ayer viv\u00ed una de las noches m\u00e1s especiales e inspiradoras de mi trayectoria profesional, y tambi\u00e9n personal. Tuve el honor de representar a Basetis junto a mi querida Karolina Ostrowska recogiendo el premio DonaTic 2025 a la mejor iniciativa referente empresarial por nuestra iniciativa <a href=\"https:\/\/femqa.basetis.com\/ca\" target=\"_blank\" rel=\"noopener\">FemQA<\/a>. <\/p>\n<p><img loading=\"lazy\" decoding=\"async\" class=\"aligncenter size-full wp-image-31548\" src=\"https:\/\/blog.basetis.com\/wp-content\/uploads\/2025\/10\/premis-dona-tic.png\" alt=\"\" width=\"800\" height=\"208\" srcset=\"https:\/\/blog.basetis.com\/wp-content\/uploads\/2025\/10\/premis-dona-tic.png 800w, https:\/\/blog.basetis.com\/wp-content\/uploads\/2025\/10\/premis-dona-tic-300x78.png 300w, https:\/\/blog.basetis.com\/wp-content\/uploads\/2025\/10\/premis-dona-tic-768x200.png 768w\" sizes=\"auto, (max-width: 800px) 100vw, 800px\" \/><\/p>\n<h1>La gala Premios DonaTIC<\/h1>\n<p>La noche estuvo llena de voces inspiradoras:<\/p>\n<p>\ud83d\ude4c Gracias, <a id=\"ember387\" class=\"ember-view\" href=\"https:\/\/www.linkedin.com\/in\/mariagalindo\/\">Maria Galindo Garcia-Delgado<\/a> Secretaria de Pol\u00edticas Digitales, (11+ a\u00f1os de impulso a los premios) por recordarnos la importancia de tener referentes, de una \u00e9tica digital y de la sororidad para abrir caminos. \ud83d\udd1d<\/p>\n<p>\ud83d\ude4c Gracias, <a id=\"ember388\" class=\"ember-view\" href=\"https:\/\/www.linkedin.com\/in\/therese-jamaa-04a9972\/\">Therese Jamaa<\/a> por ser una fuente de inspiraci\u00f3n con tus palabras y tu experiencia, fue un placer escucharte y poder hablar contigo. \ud83d\udd1d<\/p>\n<p>\ud83c\udfdb\ufe0f El conseller <a id=\"ember389\" class=\"ember-view\" href=\"https:\/\/www.linkedin.com\/in\/miquel-s%C3%A0mper-rodr%C3%ADguez\/\">Miquel S\u00e0mper Rodr\u00edguez<\/a> reivindic\u00f3 el Pacto Nacional por el Talento Digital, con el compromiso de duplicar los perfiles digitales hasta 2030, con un 50% de mujeres, y reforzar la FP, la reindustrializaci\u00f3n y la soberan\u00eda tecnol\u00f3gica.<\/p>\n<p>\ud83c\udf93 <a id=\"ember390\" class=\"ember-view\" href=\"https:\/\/www.linkedin.com\/in\/nuria-castell-arinyo\/\">Nuria Castell<\/a> presidenta del jurado, destac\u00f3 la excelencia de las candidaturas presentadas. \ud83d\udd1d<\/p>\n<p>&nbsp;<\/p>\n<h2>El palmar\u00e9s PremiDonaTIC2025<\/h2>\n<p>\ud83c\udfc6 Ganadoras 2025<\/p>\n<ul>\n<li style=\"list-style-type: none;\">\n<ul>\n<li><a id=\"ember391\" href=\"https:\/\/www.linkedin.com\/in\/alba-cervera-lierta-phd-4506969b\/\">Alba Cervera Lierta, PhD<\/a> en la Categor\u00eda Revelaci\u00f3n<\/li>\n<li><a id=\"ember392\" href=\"https:\/\/www.linkedin.com\/in\/yolandalupianez\/\">Yolanda Lupi\u00e1\u00f1ez<\/a> \u2014 Categor\u00eda Emprendedora<\/li>\n<li><a id=\"ember393\" href=\"https:\/\/www.linkedin.com\/in\/laura-garc%C3%ADa-mara%C3%B1a\/\">Laura Garc\u00eda Mara\u00f1a<\/a>\u2014 Categor\u00eda Empresaria<\/li>\n<li><a id=\"ember394\" href=\"https:\/\/www.linkedin.com\/in\/carmefernandez\/\">Carme Fernandez<\/a>\u2014 Categor\u00eda Profesional<\/li>\n<li>Eug\u00e8nia Santamar\u00eda P\u00e9rez -Categor\u00eda Acad\u00e9mica\/Investigadora<\/li>\n<li><a id=\"ember395\" href=\"https:\/\/www.linkedin.com\/in\/marta-portal%C3%A9s-oliva-\/\">Marta Portal\u00e9s Oliva, Ph.D.<\/a>  &#8211; Categor\u00eda Divulgadora<\/li>\n<li><a href=\"https:\/\/www.linkedin.com\/company\/hypatiamars\/\" target=\"_self\" data-test-app-aware-link=\"\">Hypatia Mars Association<\/a> &#8211; Categor\u00eda iniciativa referente de entidad<\/li>\n<\/ul>\n<\/li>\n<\/ul>\n<p>&nbsp;<\/p>\n<p>\ud83c\udfc6 Ganadoras en la categor\u00eda de estudiantes<\/p>\n<ul>\n<li style=\"list-style-type: none;\">\n<ul>\n<li><a id=\"ember396\" href=\"https:\/\/www.linkedin.com\/in\/aimara-ventoso-tubio\/\">Aimara Ventoso Tubio<\/a>. &#8211; Categor\u00eda Estudiante TIC universitaria <\/li>\n<li><a id=\"ember397\" href=\"https:\/\/www.linkedin.com\/in\/luatrhe\/\">Lua Trev\u00edn Hernaiz<\/a>. H &#8211; Categor\u00eda Estudiante TIC de Formaci\u00f3n Profesional <\/li>\n<li><a id=\"ember398\" href=\"https:\/\/www.linkedin.com\/in\/lucia-pallares-rodriguez\/\">Luc\u00eda Pallar\u00e9s<\/a> Rodr\u00edguez. &#8211; Categor\u00eda Estudiante TIC Doctorado <\/li>\n<\/ul>\n<\/li>\n<\/ul>\n<p>&nbsp;<\/p>\n<p>\ud83c\udf96\ufe0f Menciones especiales<\/p>\n<ul>\n<li style=\"list-style-type: none;\">\n<ul>\n<li><a id=\"ember399\" href=\"https:\/\/www.linkedin.com\/in\/silvia-sanvicente\/\">Silvia Sanvicente<\/a> &#8211; Menci\u00f3n especial en Ciberseguridad.<\/li>\n<li><a id=\"ember400\" href=\"https:\/\/www.linkedin.com\/in\/evadominguez\/\">Eva Dom\u00ednguez (PhD)<\/a> &#8211; Menci\u00f3n especial en Cultura Digital<\/li>\n<li><a id=\"ember401\" href=\"https:\/\/www.linkedin.com\/in\/claudiamateo\/\">Cl\u00e0udia M.<\/a> -Menci\u00f3n especial en el \u00e1mbito Aeroespacial<\/li>\n<\/ul>\n<\/li>\n<\/ul>\n<p><img loading=\"lazy\" decoding=\"async\" class=\" wp-image-31529 aligncenter\" src=\"https:\/\/blog.basetis.com\/wp-content\/uploads\/2025\/10\/PremiDonaTIC-285x300.jpg\" alt=\"\" width=\"209\" height=\"220\" srcset=\"https:\/\/blog.basetis.com\/wp-content\/uploads\/2025\/10\/PremiDonaTIC-285x300.jpg 285w, https:\/\/blog.basetis.com\/wp-content\/uploads\/2025\/10\/PremiDonaTIC-973x1024.jpg 973w, https:\/\/blog.basetis.com\/wp-content\/uploads\/2025\/10\/PremiDonaTIC-768x808.jpg 768w, https:\/\/blog.basetis.com\/wp-content\/uploads\/2025\/10\/PremiDonaTIC.jpg 1049w\" sizes=\"auto, (max-width: 209px) 100vw, 209px\" \/><\/p>\n<p>\ud83c\udf1fQuiero hacer extensiva mi felicitaci\u00f3n no solo a las ganadoras y a las finalistas, sino tambi\u00e9n a las 88 candidaturas presentadas, una muestra clara del enorme talento femenino que tenemos en nuestra casa.<\/p>\n<p>\u27a1\ufe0f Los Premios DonaTIC est\u00e1n impulsados por <a id=\"ember402\" class=\"ember-view\" href=\"https:\/\/www.linkedin.com\/in\/tic-catalunya-7730342b\/\">Pol\u00edtiques Digitals &#8211; TIC Catalunya<\/a> en colaboraci\u00f3n con el Instituto Catal\u00e1n de las Mujeres, <a class=\"TAkGWjHhmVmkmMDJGaNOrxvCVcOPkgho \" href=\"https:\/\/www.linkedin.com\/company\/observatori-dona-empresa-economia\/\" target=\"_self\" data-test-app-aware-link=\"\">Observatori Dona, Empresa i Economia de la Cambra de Comer\u00e7 de Barcelona<\/a> y Tertulia Digital.<\/p>\n<p>Recibir este reconocimiento reafirma nuestro compromiso de continuar impulsando iniciativas como esta, que nos ayudan a poner la tecnolog\u00eda al servicio de la construcci\u00f3n de una sociedad mejor: m\u00e1s justa, equitativa y solidaria.<\/p>\n<p>\u00a1Estamos muy agradecidas por este reconocimiento!<\/p>\n<h2><a class=\"TAkGWjHhmVmkmMDJGaNOrxvCVcOPkgho \" href=\"https:\/\/www.linkedin.com\/search\/results\/all\/?keywords=%23orgullbaseti%C3%A0&amp;origin=HASH_TAG_FROM_FEED\" data-test-app-aware-link=\"\"><span aria-hidden=\"true\">#<\/span>Orgullbaseti\u00e0<\/a> \ud83d\udc9c<\/h2>\n<address>Fotograf\u00edas extra\u00eddas de la <a href=\"https:\/\/govern.cat\/salapremsa\/notes-premsa\/749072\/els-premis-donatic-2025-reconeixen-12-dones-i-2-projectes-pel-seu-talent-i-impuls-del-lideratge-femeni-en-l-ambit-tecnologic-i-digital\">Nota de Prensa<\/a> publicada en <a href=\"https:\/\/govern.cat\/gov\/?v=\">Govern.cat<\/a><\/address>\n","protected":false},"excerpt":{"rendered":"<p>Ayer recogimos el premio DonaTic 2025 a la mejor iniciativa referente empresarial por nuestra iniciativa FemQA, y a\u00fan no nos lo creemos.<\/p>\n","protected":false},"author":947,"featured_media":31554,"parent":0,"menu_order":0,"comment_status":"open","ping_status":"closed","template":"","format":"standard","meta":{"_acf_changed":false,"inline_featured_image":false,"footnotes":""},"categories":[3316],"tags":[3428],"etiquetes":[],"categorias":[],"class_list":["post-31568","article_basic","type-article_basic","status-publish","format-standard","has-post-thumbnail","hentry","category-empresa-es","tag-premios-donatic"],"acf":[],"yoast_head":"<!-- This site is optimized with the Yoast SEO plugin v27.3 - https:\/\/yoast.com\/product\/yoast-seo-wordpress\/ -->\n<title>\u00a1Hemos ganado el premio DonaTIC 2025! - Basetis<\/title>\n<meta name=\"robots\" content=\"index, follow, max-snippet:-1, max-image-preview:large, max-video-preview:-1\" \/>\n<link rel=\"canonical\" href=\"https:\/\/blog.basetis.com\/es\/article_basic\/femqa-premi-donatic-2025\/\" \/>\n<meta property=\"og:locale\" content=\"es_ES\" \/>\n<meta property=\"og:type\" content=\"article\" \/>\n<meta property=\"og:title\" content=\"\u00a1Hemos ganado el premio DonaTIC 2025! - Basetis\" \/>\n<meta property=\"og:description\" content=\"Ayer recogimos el premio DonaTic 2025 a la mejor iniciativa referente empresarial por nuestra iniciativa FemQA, y a\u00fan no nos lo creemos.\" \/>\n<meta property=\"og:url\" content=\"https:\/\/blog.basetis.com\/es\/article_basic\/femqa-premi-donatic-2025\/\" \/>\n<meta property=\"og:site_name\" content=\"Basetis\" \/>\n<meta property=\"article:modified_time\" content=\"2025-11-12T10:07:42+00:00\" \/>\n<meta property=\"og:image\" content=\"https:\/\/blog.basetis.com\/wp-content\/uploads\/2025\/10\/donatic.png\" \/>\n\t<meta property=\"og:image:width\" content=\"1540\" \/>\n\t<meta property=\"og:image:height\" content=\"400\" \/>\n\t<meta property=\"og:image:type\" content=\"image\/png\" \/>\n<meta name=\"twitter:card\" content=\"summary_large_image\" \/>\n<meta name=\"twitter:label1\" content=\"Tiempo de lectura\" \/>\n\t<meta name=\"twitter:data1\" content=\"3 minutos\" \/>\n<script type=\"application\/ld+json\" class=\"yoast-schema-graph\">{\"@context\":\"https:\\\/\\\/schema.org\",\"@graph\":[{\"@type\":\"WebPage\",\"@id\":\"https:\\\/\\\/blog.basetis.com\\\/es\\\/article_basic\\\/femqa-premi-donatic-2025\\\/\",\"url\":\"https:\\\/\\\/blog.basetis.com\\\/es\\\/article_basic\\\/femqa-premi-donatic-2025\\\/\",\"name\":\"\u00a1Hemos ganado el premio DonaTIC 2025! - Basetis\",\"isPartOf\":{\"@id\":\"https:\\\/\\\/blog.basetis.com\\\/#website\"},\"primaryImageOfPage\":{\"@id\":\"https:\\\/\\\/blog.basetis.com\\\/es\\\/article_basic\\\/femqa-premi-donatic-2025\\\/#primaryimage\"},\"image\":{\"@id\":\"https:\\\/\\\/blog.basetis.com\\\/es\\\/article_basic\\\/femqa-premi-donatic-2025\\\/#primaryimage\"},\"thumbnailUrl\":\"https:\\\/\\\/blog.basetis.com\\\/wp-content\\\/uploads\\\/2025\\\/10\\\/donatic.png\",\"datePublished\":\"2025-10-03T11:12:50+00:00\",\"dateModified\":\"2025-11-12T10:07:42+00:00\",\"inLanguage\":\"es\",\"potentialAction\":[{\"@type\":\"ReadAction\",\"target\":[\"https:\\\/\\\/blog.basetis.com\\\/es\\\/article_basic\\\/femqa-premi-donatic-2025\\\/\"]}]},{\"@type\":\"ImageObject\",\"inLanguage\":\"es\",\"@id\":\"https:\\\/\\\/blog.basetis.com\\\/es\\\/article_basic\\\/femqa-premi-donatic-2025\\\/#primaryimage\",\"url\":\"https:\\\/\\\/blog.basetis.com\\\/wp-content\\\/uploads\\\/2025\\\/10\\\/donatic.png\",\"contentUrl\":\"https:\\\/\\\/blog.basetis.com\\\/wp-content\\\/uploads\\\/2025\\\/10\\\/donatic.png\",\"width\":1540,\"height\":400},{\"@type\":\"WebSite\",\"@id\":\"https:\\\/\\\/blog.basetis.com\\\/#website\",\"url\":\"https:\\\/\\\/blog.basetis.com\\\/\",\"name\":\"Basetis\",\"description\":\"Testing\",\"publisher\":{\"@id\":\"https:\\\/\\\/blog.basetis.com\\\/#organization\"},\"potentialAction\":[{\"@type\":\"SearchAction\",\"target\":{\"@type\":\"EntryPoint\",\"urlTemplate\":\"https:\\\/\\\/blog.basetis.com\\\/?s={search_term_string}\"},\"query-input\":{\"@type\":\"PropertyValueSpecification\",\"valueRequired\":true,\"valueName\":\"search_term_string\"}}],\"inLanguage\":\"es\"},{\"@type\":\"Organization\",\"@id\":\"https:\\\/\\\/blog.basetis.com\\\/#organization\",\"name\":\"Basetis\",\"url\":\"https:\\\/\\\/blog.basetis.com\\\/\",\"logo\":{\"@type\":\"ImageObject\",\"inLanguage\":\"es\",\"@id\":\"https:\\\/\\\/blog.basetis.com\\\/#\\\/schema\\\/logo\\\/image\\\/\",\"url\":\"https:\\\/\\\/blog.basetis.com\\\/wp-content\\\/uploads\\\/2024\\\/02\\\/logo.svg\",\"contentUrl\":\"https:\\\/\\\/blog.basetis.com\\\/wp-content\\\/uploads\\\/2024\\\/02\\\/logo.svg\",\"width\":187,\"height\":29,\"caption\":\"Basetis\"},\"image\":{\"@id\":\"https:\\\/\\\/blog.basetis.com\\\/#\\\/schema\\\/logo\\\/image\\\/\"}}]}<\/script>\n<!-- \/ Yoast SEO plugin. -->","yoast_head_json":{"title":"\u00a1Hemos ganado el premio DonaTIC 2025! - Basetis","robots":{"index":"index","follow":"follow","max-snippet":"max-snippet:-1","max-image-preview":"max-image-preview:large","max-video-preview":"max-video-preview:-1"},"canonical":"https:\/\/blog.basetis.com\/es\/article_basic\/femqa-premi-donatic-2025\/","og_locale":"es_ES","og_type":"article","og_title":"\u00a1Hemos ganado el premio DonaTIC 2025! - Basetis","og_description":"Ayer recogimos el premio DonaTic 2025 a la mejor iniciativa referente empresarial por nuestra iniciativa FemQA, y a\u00fan no nos lo creemos.","og_url":"https:\/\/blog.basetis.com\/es\/article_basic\/femqa-premi-donatic-2025\/","og_site_name":"Basetis","article_modified_time":"2025-11-12T10:07:42+00:00","og_image":[{"width":1540,"height":400,"url":"https:\/\/blog.basetis.com\/wp-content\/uploads\/2025\/10\/donatic.png","type":"image\/png"}],"twitter_card":"summary_large_image","twitter_misc":{"Tiempo de lectura":"3 minutos"},"schema":{"@context":"https:\/\/schema.org","@graph":[{"@type":"WebPage","@id":"https:\/\/blog.basetis.com\/es\/article_basic\/femqa-premi-donatic-2025\/","url":"https:\/\/blog.basetis.com\/es\/article_basic\/femqa-premi-donatic-2025\/","name":"\u00a1Hemos ganado el premio DonaTIC 2025! - Basetis","isPartOf":{"@id":"https:\/\/blog.basetis.com\/#website"},"primaryImageOfPage":{"@id":"https:\/\/blog.basetis.com\/es\/article_basic\/femqa-premi-donatic-2025\/#primaryimage"},"image":{"@id":"https:\/\/blog.basetis.com\/es\/article_basic\/femqa-premi-donatic-2025\/#primaryimage"},"thumbnailUrl":"https:\/\/blog.basetis.com\/wp-content\/uploads\/2025\/10\/donatic.png","datePublished":"2025-10-03T11:12:50+00:00","dateModified":"2025-11-12T10:07:42+00:00","inLanguage":"es","potentialAction":[{"@type":"ReadAction","target":["https:\/\/blog.basetis.com\/es\/article_basic\/femqa-premi-donatic-2025\/"]}]},{"@type":"ImageObject","inLanguage":"es","@id":"https:\/\/blog.basetis.com\/es\/article_basic\/femqa-premi-donatic-2025\/#primaryimage","url":"https:\/\/blog.basetis.com\/wp-content\/uploads\/2025\/10\/donatic.png","contentUrl":"https:\/\/blog.basetis.com\/wp-content\/uploads\/2025\/10\/donatic.png","width":1540,"height":400},{"@type":"WebSite","@id":"https:\/\/blog.basetis.com\/#website","url":"https:\/\/blog.basetis.com\/","name":"Basetis","description":"Testing","publisher":{"@id":"https:\/\/blog.basetis.com\/#organization"},"potentialAction":[{"@type":"SearchAction","target":{"@type":"EntryPoint","urlTemplate":"https:\/\/blog.basetis.com\/?s={search_term_string}"},"query-input":{"@type":"PropertyValueSpecification","valueRequired":true,"valueName":"search_term_string"}}],"inLanguage":"es"},{"@type":"Organization","@id":"https:\/\/blog.basetis.com\/#organization","name":"Basetis","url":"https:\/\/blog.basetis.com\/","logo":{"@type":"ImageObject","inLanguage":"es","@id":"https:\/\/blog.basetis.com\/#\/schema\/logo\/image\/","url":"https:\/\/blog.basetis.com\/wp-content\/uploads\/2024\/02\/logo.svg","contentUrl":"https:\/\/blog.basetis.com\/wp-content\/uploads\/2024\/02\/logo.svg","width":187,"height":29,"caption":"Basetis"},"image":{"@id":"https:\/\/blog.basetis.com\/#\/schema\/logo\/image\/"}}]}},"_links":{"self":[{"href":"https:\/\/blog.basetis.com\/es\/wp-json\/wp\/v2\/article_basic\/31568","targetHints":{"allow":["GET"]}}],"collection":[{"href":"https:\/\/blog.basetis.com\/es\/wp-json\/wp\/v2\/article_basic"}],"about":[{"href":"https:\/\/blog.basetis.com\/es\/wp-json\/wp\/v2\/types\/article_basic"}],"author":[{"embeddable":true,"href":"https:\/\/blog.basetis.com\/es\/wp-json\/wp\/v2\/users\/947"}],"replies":[{"embeddable":true,"href":"https:\/\/blog.basetis.com\/es\/wp-json\/wp\/v2\/comments?post=31568"}],"version-history":[{"count":4,"href":"https:\/\/blog.basetis.com\/es\/wp-json\/wp\/v2\/article_basic\/31568\/revisions"}],"predecessor-version":[{"id":31998,"href":"https:\/\/blog.basetis.com\/es\/wp-json\/wp\/v2\/article_basic\/31568\/revisions\/31998"}],"wp:featuredmedia":[{"embeddable":true,"href":"https:\/\/blog.basetis.com\/es\/wp-json\/wp\/v2\/media\/31554"}],"wp:attachment":[{"href":"https:\/\/blog.basetis.com\/es\/wp-json\/wp\/v2\/media?parent=31568"}],"wp:term":[{"taxonomy":"category","embeddable":true,"href":"https:\/\/blog.basetis.com\/es\/wp-json\/wp\/v2\/categories?post=31568"},{"taxonomy":"post_tag","embeddable":true,"href":"https:\/\/blog.basetis.com\/es\/wp-json\/wp\/v2\/tags?post=31568"},{"taxonomy":"etiquetes","embeddable":true,"href":"https:\/\/blog.basetis.com\/es\/wp-json\/wp\/v2\/etiquetes?post=31568"},{"taxonomy":"categorias","embeddable":true,"href":"https:\/\/blog.basetis.com\/es\/wp-json\/wp\/v2\/categorias?post=31568"}],"curies":[{"name":"wp","href":"https:\/\/api.w.org\/{rel}","templated":true}]}}