{"id":20457,"date":"2017-05-17T06:18:36","date_gmt":"2017-05-17T04:18:36","guid":{"rendered":"https:\/\/blog.basetis.com\/article_entrevista\/stella-belmonte\/"},"modified":"2024-03-12T14:46:59","modified_gmt":"2024-03-12T12:46:59","slug":"stella-belmonte","status":"publish","type":"article_entrevista","link":"https:\/\/blog.basetis.com\/es\/article_entrevista\/stella-belmonte\/","title":{"rendered":"Stella Belmonte"},"content":{"rendered":"<h2 align=\"left\"><strong>Proyecto y ubicaci\u00f3n<\/strong><\/h2>\n<p align=\"left\">Formo parte del equipo de Dise\u00f1o. Tenemos nuestros proyectos propios a nivel gr\u00e1fico y de web. Adem\u00e1s participo en proyecto con el equipo Web o Mobile (dise\u00f1o, usabilidad y\/o frontend).<\/p>\n<p align=\"left\">Ubicaci\u00f3n: La Pedrera.<br \/>\n&nbsp;<\/p>\n<h2 align=\"left\"><strong>\u00bfDe d\u00f3nde vienes y d\u00f3nde vives?<\/strong><\/h2>\n<p align=\"left\">Nac\u00ed en Barcelona, aunque he pasado toda mi infancia y adolescencia en Badalona. Hace ya casi 4 a\u00f1os que vivo en el Eixample barcelon\u00e9s.&nbsp;<br \/>\n&nbsp;<\/p>\n<h2 align=\"left\"><strong>Hobby, serie, pel\u00edcula, m\u00fasica y libro<\/strong><\/h2>\n<p align=\"left\">Es muy dif\u00edcil decir solo uno. <strong>Hobby<\/strong>: cocinar y viajar. <strong>Serie<\/strong>: <em>Los Soprano, Fargo, Friends<\/em>. <strong>M\u00fasica:<\/strong> indie rock, synth pop, triphop&#8230; (M83, The XX, Massive Attack, Daft Punk&#8230;)<br \/>\n&nbsp;<\/p>\n<h2 align=\"left\"><strong>App&nbsp;imprescindible<\/strong><\/h2>\n<p align=\"left\">Forsquare, Instagram, Itunes e IMDb.<br \/>\n&nbsp;<\/p>\n<h2 align=\"left\"><strong>Web&nbsp;a recomendar<\/strong><\/h2>\n<p align=\"left\"><a href=\"http:\/\/www.patatap.com\/\" target=\"_blank\" rel=\"noopener\">Patatap<\/a>.&nbsp;Recomendada para los mel\u00f3manos \/ productores musicales de estar por casa XP. (space para cambiar la \u00abpaleta\u00bb musical, cualquier tecla para los sonidos)<br \/>\n&nbsp;<\/p>\n<h2 align=\"left\"><strong>Software que utilizas<\/strong><\/h2>\n<p align=\"left\">Sketch, Adobe CC, Sublime.&nbsp;<br \/>\n&nbsp;<\/p>\n<h2 align=\"left\"><strong>Combinaci\u00f3n de teclas<\/strong><\/h2>\n<p align=\"left\">En Mac: Cmd&nbsp;+ control&nbsp;+ barra espaciadora&nbsp;(me chifla usar emoticonos \ud83d\ude42 )<br \/>\n&nbsp; &nbsp;<\/p>\n<h2 align=\"left\"><strong>\u00bfEn qu\u00e9 proyecto te gustar\u00eda que participara BaseTIS?<\/strong><\/h2>\n<p align=\"left\">Algo relacionado con viajes, creo. &nbsp;Como Bhromon XP<br \/>\n&nbsp;<\/p>\n<h2 align=\"left\"><strong>\u00bfQu\u00e9 cambiar\u00edas y qu\u00e9 no de tu trabajo?<\/strong><\/h2>\n<p align=\"left\">No cambiar\u00eda el buenrollismo, el horario flexible y los birretis y cinetis. Cambiar\u00eda a las personas que no limpian las tazas en la oficina.&nbsp;<br \/>\n&nbsp;<\/p>\n<h2 align=\"left\">Albert Mialet<\/h2>\n<p align=\"left\"><em><strong>\u00bfSi tu vida fuera una lista de Grandes \u00c9xitos, qu\u00e9&nbsp;estar\u00eda en primera posici\u00f3n?<\/strong><\/em><\/p>\n<p align=\"left\">Creo que fue el momento en que me independic\u00e9&nbsp;y vine a Barcelona. Salir de la zona de confort es siempre un reto. Tambi\u00e9n los viajes que he hecho en solitario, ayudan mucho a conocerse a uno mismo.<\/p>\n<p align=\"left\"><strong style=\"font-style: italic;\">\u00bfAlguna vez te has intercambiado con tu hermana?<\/strong><\/p>\n<p align=\"left\">No bien bien;&nbsp;nos hemos hecho pasar la una por la otra para salir de alguna situaci\u00f3n complicada XD. La frase de \u00abTe confundes&#8230; No era yo, era mi hermana gemela\u00bb siempre funciona.<\/p>\n<p align=\"left\"><strong style=\"font-style: italic;\">\u00bfCual es tu pel\u00edcula favorita?<\/strong><\/p>\n<p align=\"left\">Dif\u00edcil. Dir\u00eda <em>The Goodfather: Part II<\/em>.&nbsp;<\/p>\n<p align=\"left\"><strong style=\"font-style: italic;\">\u00bfCual es tu chiste de rubias favorito?<\/strong><\/p>\n<p align=\"left\">Pasapalabra.<br \/>\n&nbsp;<\/p>\n<h2 align=\"left\">David Palau<\/h2>\n<p align=\"left\"><em><strong>Si fueras un mueble, \u00bfqu\u00e9 mueble ser\u00edas?<\/strong><\/em><\/p>\n<p align=\"left\">Un div\u00e1n. Son estilosos y se enteran de todo.&nbsp;<\/p>\n<p align=\"left\"><em><strong>\u00bfConoces alg\u00fan chiste tan malo que ni t\u00fa te atrevas a contar?<\/strong><\/em><\/p>\n<p align=\"left\">S\u00ed.&nbsp;<\/p>\n<p align=\"left\"><strong style=\"font-style: italic;\">\u00bfDe d\u00f3nde sacaste la afici\u00f3n de dar una palmada cada vez que te r\u00edes tras contar un chiste?<\/strong><\/p>\n<p align=\"left\">Pues nunca me lo hab\u00eda planteado. Creo que es para hacer un apoyo previo para despu\u00e9s echar la cabeza atr\u00e1s y re\u00edrme como una loca.<\/p>\n<p align=\"left\"><strong style=\"font-style: italic;\">\u00bfCu\u00e1l es la peor pel\u00edcula que has visto en cineTIS?<\/strong><\/p>\n<p align=\"left\"><em>Shaolin Soccer<\/em>. No doubt.<br \/>\n&nbsp;<\/p>\n<h2 align=\"left\">Borja Navarro<\/h2>\n<p align=\"left\"><em><strong>\u00bfCu\u00e1ndo decidiste dejar tu carrera de modelo por la de designer y&nbsp;por qu\u00e9?<\/strong><\/em><\/p>\n<p align=\"left\">\u00abTe confundes. No era yo, era mi hermana gemela\u00bb.<\/p>\n<p align=\"left\"><em><strong>\u00bfCrees en el paraiso de los maquetadores donde todos los maquetadores siguen tu dise\u00f1o al pie de la letra?<\/strong><\/em><\/p>\n<p align=\"left\">S\u00ed, pero para eso, esos maquetadores primero han tenido que ser dise\u00f1adores&nbsp;(y haber muerto).<\/p>\n<p align=\"left\"><strong style=\"font-style: italic;\">\u00bfSi tuvieras que ser Fanta, de qu\u00e9&nbsp;sabor ser\u00edas? Teniendo en cuenta qur solo existieran la de Limon y la de Naranja.<\/strong><\/p>\n<p align=\"left\">Lim\u00f3n.<\/p>\n<p align=\"left\"><em><strong>\u00bfCu\u00e1l ha sido el mayor desastre de maquetaci\u00f3n con el que te has encontrado en BaseTIS?<\/strong><\/em><\/p>\n<p align=\"left\">Pues como no puedes leer la respuesta&#8230; la app de BaseTIS&nbsp;(\u00e9poca de Borja, que fue uno de los primeros frontends. Hasta el momento Jos\u00e9 Luis hab\u00eda hecho un gran trabajo ^^)<br \/>\n&nbsp;<\/p>\n<h2 align=\"left\">Aina Cuxart<\/h2>\n<p align=\"left\"><em><strong>\u00bfCu\u00e1l es tu chiste estrella? Cu\u00e9ntalo! \ud83d\ude00<\/strong><\/em><\/p>\n<p align=\"left\">&#8211; \u00a1\u00a1Cari\u00f1o, est\u00e1n robando en la habitaci\u00f3n contigua!!<br \/>\n&#8211; \u00a1\u00bfConmiguo?!<\/p>\n<p align=\"left\">\u00a1Me parto! jajaja<br \/>\n&nbsp;<\/p>\n<h2 align=\"left\">Roc Oliveres<\/h2>\n<p align=\"left\"><em><strong>Todo el mundo pregunta por tus xistes&#8230; \u00bfYa trabajas?<\/strong><\/em><\/p>\n<p align=\"left\">Tabajar trabajo mucho. Pero es mejor si se ameniza con un buen chiste, \u00bfno te parece?<\/p>\n<p align=\"left\"><strong style=\"font-style: italic;\">\u00bfTe atrever\u00edas a enviar a tu hermana al curro? \u00bfSabe contar xistes igual que t\u00fa?<\/strong><\/p>\n<p align=\"left\">\u00bfQui\u00e9n dice que no ha venido ya? &nbsp;No, no sabe contar chistes, de hecho me los roba para ser tan graciosa como yo. Cosas de hermanas.<\/p>\n<p align=\"left\"><em><strong>\u00bfTu apellido y&nbsp;or\u00edgenes est\u00e1n relacionados con Mireia Belmonte?<\/strong><\/em><\/p>\n<p align=\"left\">S\u00ed. Es la hija del primo de mi padre, vive en Badalona (todos los Belmonte de Badalona est\u00e1n emparetados conmigo de una manera m\u00e1s o menos cercana, he perdido la cuenta) y la veo solo para bodorrios y cosas de este tipo.<\/p>\n<p align=\"left\"><em><strong>Y te pregunto lo mismo que Sonia me pregunt\u00f3&nbsp;a m\u00ed: \u00bfen un apocalipsis, qu\u00e9&nbsp;tres personas de BaseTIS te llevar\u00edas y por qu\u00e9?<\/strong><\/em><\/p>\n<p align=\"left\">Marc, porque podria subvencionar un plan de rescate. Andreu, que es tan pensimista que te hace querer valorar m\u00e1s tu vida y augmentar tu instinto&nbsp;de supervivencia. Rosa, por ser una flowepower y tener siempre una sonrisa en la cara.&nbsp;<br \/>\n&nbsp;<\/p>\n<h2 align=\"left\">Ramon Zuloaga<\/h2>\n<p align=\"left\"><em><strong>\u00bfSi pudieras ser alguien de BaseTIS&nbsp;por un d\u00eda, en qui\u00e9n te encarnar\u00edas? \u00bfPor qu\u00e9?<\/strong><\/em><\/p>\n<p align=\"left\">El CEO Marc Castells. Primero: por la altura. Segundo: por la barba. Tercero: por imponer respeto all\u00e1 donde va. Cuarto: por su imponente mujer. Ah!&#8230; y lo del sueldo de CEO tampoco tiene que ir nada mal. (te ayuda a pagar rescates en islas desiertas entre otras cosas )<br \/>\n&nbsp;<\/p>\n<h2 align=\"left\">Carlos Lopes<\/h2>\n<p align=\"left\"><strong><em>\u00bfQui\u00e9n es para ti&nbsp;la persona m\u00e1s divertida de BaseTIS? \u00bfPor qu\u00e9?<\/em><\/strong><\/p>\n<p align=\"left\">Buah! es complicad\u00edsimo. Creo que me quedo con el humor negro de Andreu, aunque a veces no sabes si est\u00e1 de co\u00f1a o no. Humberto tambi\u00e9n mola mucho, aunque a veces lo matar\u00eda. Lo de Gabriel es amor-odio, pero puede tener unos puntos buen\u00edsimos. Y Sergio y Marc (Castells) son lo m\u00e1s, humor absurdo (juegos de palabras incluidos) del que me encanta.&nbsp;<br \/>\n&nbsp;<\/p>\n<h2 align=\"left\"><em><strong>Humberto G\u00f3mez<\/strong><\/em><\/h2>\n<p align=\"left\"><em><strong>\u00bfPor qu\u00e9? En general. \ud83d\ude42<\/strong><\/em><\/p>\n<p align=\"left\">y&#8230; \u00bfpor qu\u00e9 no?<br \/>\n&nbsp;<\/p>\n<h2 align=\"left\">Adri\u00e1n Chamorro<\/h2>\n<p align=\"left\"><em><strong>\u00abEsto es un barco que atraca en un muelle y rebota\u00bb, \u00bfes un buen chiste?<\/strong><\/em><\/p>\n<p align=\"left\">\u00bfEso es un chiste? (en serio)<br \/>\n&nbsp;<\/p>\n<h2 align=\"left\">Andreu Carreras<\/h2>\n<p align=\"left\"><em><strong>\u00bfQui\u00e9n es m\u00e1s pulpo? \u00bfMiguel o David?<\/strong><\/em><\/p>\n<p align=\"left\">Miguel. Of couse.&nbsp;<img loading=\"lazy\" decoding=\"async\" alt=\"devil\" height=\"23\" src=\"https:\/\/blog.basetis.com\/sites\/all\/libraries\/ckeditor\/plugins\/smiley\/images\/devil_smile.png\" title=\"devil\" width=\"23\" \/><br \/>\n&nbsp;<\/p>\n<h2 align=\"left\">Fran Garcia<\/h2>\n<p align=\"left\"><em><strong>\u00bfMe avisar\u00e1s para el pr\u00f3ximo BirreTIS? \ud83d\ude1b<\/strong><\/em><\/p>\n<p align=\"left\">He tardado tanto en contestar a esta entrevista que ya me ha dado tiempo de avisarte. XD Fran!! que contenta de que compartamos de nuevo oficina!!<br \/>\n&nbsp;<\/p>\n<h2 align=\"left\">Jes\u00fas Coll<\/h2>\n<p align=\"left\"><em><strong>\u00bfEres la gemela buena o la mala?<\/strong><\/em><\/p>\n<p align=\"left\">La mala, mal\u00edsima. Muajajajaja<\/p>\n<p align=\"left\"><em><strong>A parte del dise\u00f1o, \u00bfa qu\u00e9&nbsp;te gustar\u00eda dedicarte?<\/strong><\/em><\/p>\n<p align=\"left\">Montar\u00eda un minihotelito en algun rinc\u00f3n perdido del mundo o regentar\u00eda&nbsp;una tienda de pastelitos.<\/p>\n<p align=\"left\"><em><strong>Y aprovecho para una petici\u00f3n, molaria mucho un time-lapse de como hac\u00e9is las caratulas de CineTIS&nbsp;y colgarlo en el blog. \ud83d\ude1b &nbsp;<\/strong><\/em><\/p>\n<p align=\"left\">Si supieras la lista que tenemos los de Design sobre nuevos posts en el blog&#8230; entre ellos explicar justamente esto. Lo haremos, promise.&nbsp;<br \/>\n&nbsp;<\/p>\n<h2 align=\"left\">Alex Garcia<\/h2>\n<p align=\"left\"><em><strong>Creus que es valora la feina de Design a BaseTIS?<\/strong><\/em><\/p>\n<p align=\"left\">Aquesta est\u00e0&nbsp;feta amb mala llet. A veure&#8230; crec que hem guanyat molt terreny en els \u00faltims mesos. A m\u00e9s hem participat en diferents projectes tant de Data com Mobile com Web i molts basetians ens han \u00abconegut\u00bb i ara han aprofitat els nostres coneixements per incorporar-los a projectes de client. I aix\u00f2 MOLA.<\/p>\n<p align=\"left\"><em><strong>Com ho fas per suportar l&#8217;Andreu? (encara que he observat que ara seus lluny d&#8217;ell)<\/strong><\/em><\/p>\n<p align=\"left\">En realidad es mucho m\u00e1s amoroso de lo que parece y quiere parecer. Es f\u00e1cil soportarlo, adem\u00e1s suele estar callaito porque necesita pasar desapercibido para que lo dejemos en paz.&nbsp;<br \/>\n&nbsp;<\/p>\n<h2 align=\"left\">Nil Torrano<\/h2>\n<p align=\"left\"><em><strong>Juntamente con tu hermana, \u00bfalguna vez hab\u00e9is hecho un \u00abmal uso\u00bb o \u00abtravesuras\u00bb con el hecho de ser gemelas?<\/strong><\/em><\/p>\n<p align=\"left\">\u00bfA ver si nos leemos las preguntas de los dem\u00e1s eh? jajaja Hemos hecho m\u00e1s de una. Culparnos la una a la otra cuando un profesor nos ha llamado la atenci\u00f3n, \u00abliar\u00bb a nuestras abuelas&#8230; No es nuestra culpa si los dem\u00e1s nos confunden, no\u00bf?<br \/>\n&nbsp;<\/p>\n<h2 align=\"left\">Bibiana Boix<\/h2>\n<p align=\"left\"><em><strong>\u00bfC\u00f3mo fue&nbsp;la experiencia como primera dise\u00f1adora de&nbsp;BaseTIS?<\/strong><\/em><\/p>\n<p align=\"left\">Extra\u00f1a. Creo que ni Andreu ni yo sab\u00edamos muy bien que hac\u00eda all\u00ed ni como encajar\u00eda. \u00bfDise\u00f1o en BaseTIS? Si esa empresa&nbsp;era solo algo de matem\u00e1ticos e inform\u00e1ticos. Guiu me acogi\u00f3 con los brazos abiertos (estaba deseando librarse de \u00abdar estilos\u00bb) y en general todo el equipo web y el resto de BaseTIS&nbsp;fueron geniales. Enseguida vimos como pod\u00edamos trabajar juntos y ahora en dise\u00f1o somos ya 6. ^^<\/p>\n<p align=\"left\"><em><strong>\u00bfHas pensado alguna vez en dedicarte al humor y dejar el dise\u00f1o al ver tu gran \u00e9xito?<\/strong><\/em><\/p>\n<p align=\"left\">Todos los d\u00edas.&nbsp;<br \/>\n&nbsp;<\/p>\n<h2 align=\"left\">Marc Castells<\/h2>\n<p align=\"left\"><em><strong>Qu\u00e8 valores m\u00e9s d&#8217;una persona?<\/strong><\/em><\/p>\n<p align=\"left\">La sinceridad y la generosidad.&nbsp;<br \/>\n&nbsp;<\/p>\n<h2 align=\"left\">David Flores<\/h2>\n<p align=\"left\"><em><strong>\u00bfPel\u00edcula favorita?<\/strong><\/em><\/p>\n<p align=\"left\">Ya que&nbsp;tengo la posibilidad de decir m\u00e1s de una (me lo han preguntado m\u00e1s arriba) dir\u00e9 <em>American Beauty<\/em>.<\/p>\n<p align=\"left\"><em><strong>\u00bfChixte favorito?<\/strong><\/em><\/p>\n<p align=\"left\">El que le he contado a Aina m\u00e1s arriba es de mis favoritos. Pero contar\u00e9 otro.<\/p>\n<p align=\"left\">&#8211; \u00bfC\u00f3mo se dice pistola en andaluz?<\/p>\n<p align=\"left\">&#8211; \u00a1Mi Arma!<\/p>\n<p align=\"left\">(tengo que decir que si te lo cuento en persona te har\u00e1 much\u00edsima m\u00e1s gracia)<\/p>\n<p align=\"left\"><em><strong>\u00bfHermana favorita?<\/strong><\/em><\/p>\n<p align=\"left\">\u00bfSin contarme a m\u00ed? Como ninguna de las dos va a leerlo puedo mojarme. Las dos son un encanto, pero tengo que decir que con la gemela hay un feeling especial (por eso de haber crecido juntas y vivir momentos similares al mismo tiempo). Eso si, sigo pele\u00e1ndome como cuando \u00e9ramos cr\u00edas y nos tir\u00e1bamos de los pelos. (por suerte lo tengo largo y no se nota cuando lo pierdo)<br \/>\n&nbsp;<\/p>\n<h2 align=\"left\">Jenifer L\u00f3pez<\/h2>\n<p align=\"left\"><em><strong>Quina m\u00fasica t&#8217;agrada o sols escoltar?&nbsp;Algun grup en particular?<\/strong><\/em><\/p>\n<p align=\"left\">Escucho de todo. Quiz\u00e1 mi elecci\u00f3n se basa m\u00e1s en el momento del d\u00eda: de camino al curro escucho m\u00fasica m\u00e1s \u00abmovida\u00bb, algo dance\/popero. Para el curro prefiero chillout o m\u00fasica \u00abtranquila\u00bb&nbsp;(Bonobo, Jamie XX, Tame Impala). En el gimnasio me pongo listas prehechas comerciales para mantener las pulsaciones a tope&#8230; Pero NUNCA reggeaton.&nbsp;Lo siento Sergio.<\/p>\n<p align=\"left\"><em><strong>Quina part de la feina del dissenyador t&#8217;agrada m\u00e9s? Estoy de observaDOOR xD<\/strong><\/em><\/p>\n<p align=\"left\">Con todas disfruto mucho. La parte de ideaci\u00f3n cuando escuchas las necesidades del cliente, la validaci\u00f3n y el prototipado, el dise\u00f1o en&nbsp;Alta fidelidad eligiendo paleta de colores o fuentes, elegir animaciones, picar c\u00f3digo y ver que tu dise\u00f1o es interactivo&#8230;<br \/>\n&nbsp;<\/p>\n<h2 align=\"left\">Josep Arimon<\/h2>\n<p align=\"left\"><em><strong>Si tuvieras que transformarte en uno de tus compa\u00f1eros de trabajo basetianos \u00bfqui\u00e9n ser\u00eda y por qu\u00e9? \ud83d\ude09&nbsp;<\/strong><\/em><\/p>\n<p align=\"left\">\u00a1Le\u00e9te el email! Ais, perd\u00f3n&#8230; la costumbre. \u00a1Lee la pregunta de m\u00e1s arriba! XD<br \/>\n&nbsp;<\/p>\n<h2 align=\"left\">Sergi Font<\/h2>\n<p align=\"left\"><em><strong>Veo que esto va de chistes. \u00bfQu\u00e9 es mejor un buen chiste o explicarlo con gracia aunque sea malo?<\/strong><\/em><\/p>\n<p align=\"left\">Si has o\u00eddo algunos de mis chistes ya sabes la respuesta. XP<\/p>\n","protected":false},"author":822,"featured_media":1695,"template":"","meta":{"_acf_changed":false,"inline_featured_image":false},"categories":[1563],"class_list":["post-20457","article_entrevista","type-article_entrevista","status-publish","has-post-thumbnail","hentry","category-entrevistes"],"acf":[],"yoast_head":"<!-- This site is optimized with the Yoast SEO plugin v27.3 - https:\/\/yoast.com\/product\/yoast-seo-wordpress\/ -->\n<title>Stella Belmonte - Basetis<\/title>\n<meta name=\"robots\" content=\"index, follow, max-snippet:-1, max-image-preview:large, max-video-preview:-1\" \/>\n<link rel=\"canonical\" href=\"https:\/\/blog.basetis.com\/es\/article_entrevista\/stella-belmonte\/\" \/>\n<meta property=\"og:locale\" content=\"es_ES\" \/>\n<meta property=\"og:type\" content=\"article\" \/>\n<meta property=\"og:title\" content=\"Stella Belmonte - Basetis\" \/>\n<meta property=\"og:description\" content=\"Proyecto y ubicaci\u00f3n Formo parte del equipo de Dise\u00f1o. Tenemos nuestros proyectos propios a nivel gr\u00e1fico y de web. Adem\u00e1s participo en proyecto con el equipo Web o Mobile (dise\u00f1o, usabilidad y\/o frontend). Ubicaci\u00f3n: La Pedrera. &nbsp; \u00bfDe d\u00f3nde vienes y d\u00f3nde vives? Nac\u00ed en Barcelona, aunque he pasado toda mi infancia y adolescencia en [&hellip;]\" \/>\n<meta property=\"og:url\" content=\"https:\/\/blog.basetis.com\/es\/article_entrevista\/stella-belmonte\/\" \/>\n<meta property=\"og:site_name\" content=\"Basetis\" \/>\n<meta property=\"article:modified_time\" content=\"2024-03-12T12:46:59+00:00\" \/>\n<meta property=\"og:image\" content=\"https:\/\/blog.basetis.com\/wp-content\/uploads\/2017\/03\/stella_belmonte.png\" \/>\n\t<meta property=\"og:image:width\" content=\"1\" \/>\n\t<meta property=\"og:image:height\" content=\"1\" \/>\n\t<meta property=\"og:image:type\" content=\"image\/png\" \/>\n<meta name=\"twitter:card\" content=\"summary_large_image\" \/>\n<meta name=\"twitter:label1\" content=\"Tiempo de lectura\" \/>\n\t<meta name=\"twitter:data1\" content=\"9 minutos\" \/>\n<script type=\"application\/ld+json\" class=\"yoast-schema-graph\">{\"@context\":\"https:\\\/\\\/schema.org\",\"@graph\":[{\"@type\":\"WebPage\",\"@id\":\"https:\\\/\\\/blog.basetis.com\\\/es\\\/article_entrevista\\\/stella-belmonte\\\/\",\"url\":\"https:\\\/\\\/blog.basetis.com\\\/es\\\/article_entrevista\\\/stella-belmonte\\\/\",\"name\":\"Stella Belmonte - Basetis\",\"isPartOf\":{\"@id\":\"https:\\\/\\\/blog.basetis.com\\\/#website\"},\"primaryImageOfPage\":{\"@id\":\"https:\\\/\\\/blog.basetis.com\\\/es\\\/article_entrevista\\\/stella-belmonte\\\/#primaryimage\"},\"image\":{\"@id\":\"https:\\\/\\\/blog.basetis.com\\\/es\\\/article_entrevista\\\/stella-belmonte\\\/#primaryimage\"},\"thumbnailUrl\":\"https:\\\/\\\/blog.basetis.com\\\/wp-content\\\/uploads\\\/2017\\\/03\\\/stella_belmonte.png\",\"datePublished\":\"2017-05-17T04:18:36+00:00\",\"dateModified\":\"2024-03-12T12:46:59+00:00\",\"breadcrumb\":{\"@id\":\"https:\\\/\\\/blog.basetis.com\\\/es\\\/article_entrevista\\\/stella-belmonte\\\/#breadcrumb\"},\"inLanguage\":\"es\",\"potentialAction\":[{\"@type\":\"ReadAction\",\"target\":[\"https:\\\/\\\/blog.basetis.com\\\/es\\\/article_entrevista\\\/stella-belmonte\\\/\"]}]},{\"@type\":\"ImageObject\",\"inLanguage\":\"es\",\"@id\":\"https:\\\/\\\/blog.basetis.com\\\/es\\\/article_entrevista\\\/stella-belmonte\\\/#primaryimage\",\"url\":\"https:\\\/\\\/blog.basetis.com\\\/wp-content\\\/uploads\\\/2017\\\/03\\\/stella_belmonte.png\",\"contentUrl\":\"https:\\\/\\\/blog.basetis.com\\\/wp-content\\\/uploads\\\/2017\\\/03\\\/stella_belmonte.png\"},{\"@type\":\"BreadcrumbList\",\"@id\":\"https:\\\/\\\/blog.basetis.com\\\/es\\\/article_entrevista\\\/stella-belmonte\\\/#breadcrumb\",\"itemListElement\":[{\"@type\":\"ListItem\",\"position\":1,\"name\":\"Article d'entrevistas\",\"item\":\"https:\\\/\\\/blog.basetis.com\\\/article_entrevista\\\/\"},{\"@type\":\"ListItem\",\"position\":2,\"name\":\"Stella Belmonte\"}]},{\"@type\":\"WebSite\",\"@id\":\"https:\\\/\\\/blog.basetis.com\\\/#website\",\"url\":\"https:\\\/\\\/blog.basetis.com\\\/\",\"name\":\"Basetis\",\"description\":\"Testing\",\"publisher\":{\"@id\":\"https:\\\/\\\/blog.basetis.com\\\/#organization\"},\"potentialAction\":[{\"@type\":\"SearchAction\",\"target\":{\"@type\":\"EntryPoint\",\"urlTemplate\":\"https:\\\/\\\/blog.basetis.com\\\/?s={search_term_string}\"},\"query-input\":{\"@type\":\"PropertyValueSpecification\",\"valueRequired\":true,\"valueName\":\"search_term_string\"}}],\"inLanguage\":\"es\"},{\"@type\":\"Organization\",\"@id\":\"https:\\\/\\\/blog.basetis.com\\\/#organization\",\"name\":\"Basetis\",\"url\":\"https:\\\/\\\/blog.basetis.com\\\/\",\"logo\":{\"@type\":\"ImageObject\",\"inLanguage\":\"es\",\"@id\":\"https:\\\/\\\/blog.basetis.com\\\/#\\\/schema\\\/logo\\\/image\\\/\",\"url\":\"https:\\\/\\\/blog.basetis.com\\\/wp-content\\\/uploads\\\/2024\\\/02\\\/logo.svg\",\"contentUrl\":\"https:\\\/\\\/blog.basetis.com\\\/wp-content\\\/uploads\\\/2024\\\/02\\\/logo.svg\",\"width\":187,\"height\":29,\"caption\":\"Basetis\"},\"image\":{\"@id\":\"https:\\\/\\\/blog.basetis.com\\\/#\\\/schema\\\/logo\\\/image\\\/\"}}]}<\/script>\n<!-- \/ Yoast SEO plugin. -->","yoast_head_json":{"title":"Stella Belmonte - Basetis","robots":{"index":"index","follow":"follow","max-snippet":"max-snippet:-1","max-image-preview":"max-image-preview:large","max-video-preview":"max-video-preview:-1"},"canonical":"https:\/\/blog.basetis.com\/es\/article_entrevista\/stella-belmonte\/","og_locale":"es_ES","og_type":"article","og_title":"Stella Belmonte - Basetis","og_description":"Proyecto y ubicaci\u00f3n Formo parte del equipo de Dise\u00f1o. Tenemos nuestros proyectos propios a nivel gr\u00e1fico y de web. Adem\u00e1s participo en proyecto con el equipo Web o Mobile (dise\u00f1o, usabilidad y\/o frontend). Ubicaci\u00f3n: La Pedrera. &nbsp; \u00bfDe d\u00f3nde vienes y d\u00f3nde vives? Nac\u00ed en Barcelona, aunque he pasado toda mi infancia y adolescencia en [&hellip;]","og_url":"https:\/\/blog.basetis.com\/es\/article_entrevista\/stella-belmonte\/","og_site_name":"Basetis","article_modified_time":"2024-03-12T12:46:59+00:00","og_image":[{"url":"https:\/\/blog.basetis.com\/wp-content\/uploads\/2017\/03\/stella_belmonte.png","width":1,"height":1,"type":"image\/png"}],"twitter_card":"summary_large_image","twitter_misc":{"Tiempo de lectura":"9 minutos"},"schema":{"@context":"https:\/\/schema.org","@graph":[{"@type":"WebPage","@id":"https:\/\/blog.basetis.com\/es\/article_entrevista\/stella-belmonte\/","url":"https:\/\/blog.basetis.com\/es\/article_entrevista\/stella-belmonte\/","name":"Stella Belmonte - Basetis","isPartOf":{"@id":"https:\/\/blog.basetis.com\/#website"},"primaryImageOfPage":{"@id":"https:\/\/blog.basetis.com\/es\/article_entrevista\/stella-belmonte\/#primaryimage"},"image":{"@id":"https:\/\/blog.basetis.com\/es\/article_entrevista\/stella-belmonte\/#primaryimage"},"thumbnailUrl":"https:\/\/blog.basetis.com\/wp-content\/uploads\/2017\/03\/stella_belmonte.png","datePublished":"2017-05-17T04:18:36+00:00","dateModified":"2024-03-12T12:46:59+00:00","breadcrumb":{"@id":"https:\/\/blog.basetis.com\/es\/article_entrevista\/stella-belmonte\/#breadcrumb"},"inLanguage":"es","potentialAction":[{"@type":"ReadAction","target":["https:\/\/blog.basetis.com\/es\/article_entrevista\/stella-belmonte\/"]}]},{"@type":"ImageObject","inLanguage":"es","@id":"https:\/\/blog.basetis.com\/es\/article_entrevista\/stella-belmonte\/#primaryimage","url":"https:\/\/blog.basetis.com\/wp-content\/uploads\/2017\/03\/stella_belmonte.png","contentUrl":"https:\/\/blog.basetis.com\/wp-content\/uploads\/2017\/03\/stella_belmonte.png"},{"@type":"BreadcrumbList","@id":"https:\/\/blog.basetis.com\/es\/article_entrevista\/stella-belmonte\/#breadcrumb","itemListElement":[{"@type":"ListItem","position":1,"name":"Article d'entrevistas","item":"https:\/\/blog.basetis.com\/article_entrevista\/"},{"@type":"ListItem","position":2,"name":"Stella Belmonte"}]},{"@type":"WebSite","@id":"https:\/\/blog.basetis.com\/#website","url":"https:\/\/blog.basetis.com\/","name":"Basetis","description":"Testing","publisher":{"@id":"https:\/\/blog.basetis.com\/#organization"},"potentialAction":[{"@type":"SearchAction","target":{"@type":"EntryPoint","urlTemplate":"https:\/\/blog.basetis.com\/?s={search_term_string}"},"query-input":{"@type":"PropertyValueSpecification","valueRequired":true,"valueName":"search_term_string"}}],"inLanguage":"es"},{"@type":"Organization","@id":"https:\/\/blog.basetis.com\/#organization","name":"Basetis","url":"https:\/\/blog.basetis.com\/","logo":{"@type":"ImageObject","inLanguage":"es","@id":"https:\/\/blog.basetis.com\/#\/schema\/logo\/image\/","url":"https:\/\/blog.basetis.com\/wp-content\/uploads\/2024\/02\/logo.svg","contentUrl":"https:\/\/blog.basetis.com\/wp-content\/uploads\/2024\/02\/logo.svg","width":187,"height":29,"caption":"Basetis"},"image":{"@id":"https:\/\/blog.basetis.com\/#\/schema\/logo\/image\/"}}]}},"_links":{"self":[{"href":"https:\/\/blog.basetis.com\/es\/wp-json\/wp\/v2\/article_entrevista\/20457","targetHints":{"allow":["GET"]}}],"collection":[{"href":"https:\/\/blog.basetis.com\/es\/wp-json\/wp\/v2\/article_entrevista"}],"about":[{"href":"https:\/\/blog.basetis.com\/es\/wp-json\/wp\/v2\/types\/article_entrevista"}],"author":[{"embeddable":true,"href":"https:\/\/blog.basetis.com\/es\/wp-json\/wp\/v2\/users\/822"}],"wp:featuredmedia":[{"embeddable":true,"href":"https:\/\/blog.basetis.com\/es\/wp-json\/wp\/v2\/media\/1695"}],"wp:attachment":[{"href":"https:\/\/blog.basetis.com\/es\/wp-json\/wp\/v2\/media?parent=20457"}],"wp:term":[{"taxonomy":"category","embeddable":true,"href":"https:\/\/blog.basetis.com\/es\/wp-json\/wp\/v2\/categories?post=20457"}],"curies":[{"name":"wp","href":"https:\/\/api.w.org\/{rel}","templated":true}]}}